{"id":9181,"date":"2021-11-23T22:48:14","date_gmt":"2021-11-23T22:48:14","guid":{"rendered":"https:\/\/www.c4trio.com\/?p=9181"},"modified":"2021-11-23T22:48:35","modified_gmt":"2021-11-23T22:48:35","slug":"c4-trio-edita-su-ep-back-to-4-y-bautiza-un-libro-sobre-su-historia","status":"publish","type":"post","link":"https:\/\/www.c4trio.com\/en\/c4-trio-edita-su-ep-back-to-4-y-bautiza-un-libro-sobre-su-historia\/","title":{"rendered":"C4 Tr\u00edo edita su EP Back to 4 y bautiza un libro sobre su historia"},"content":{"rendered":"<div id=\"block-83eac0f4ef56685b3061\" class=\"sqs-block html-block sqs-block-html\" data-block-type=\"2\">\n<div class=\"sqs-block-content\">\n<p class=\"\"><strong>C4 Trio<\/strong>, uno de los ensambles musicales m\u00e1s importantes de las \u00faltimas dos d\u00e9cadas, edita el viernes 19 de noviembre su nuevo EP <strong><em>Back to 4<\/em><\/strong> y, simult\u00e1neamente, bautiza un libro sobre su historia, escrito por <strong>Gerardo Guarache Ocque<\/strong>.<\/p>\n<p class=\"\">El nuevo \u00e1lbum de los cuatristas <strong>Jorge Glem<\/strong>, <strong>Hector Molina<\/strong>, <strong>Edward Ramirez<\/strong> y el bajista <strong>Rodner Padilla<\/strong>, s\u00e9ptimo de estudio en el cat\u00e1logo de la agrupaci\u00f3n venezolana, representa un viaje a su m\u00e1s pura esencia, co-producido por el artista estadounidense <strong>Michael League<\/strong> (<strong>Snarky Puppy<\/strong>) para el sello <strong>Ground-UP Music<\/strong>.<\/p>\n<\/div>\n<\/div>\n<div id=\"block-yui_3_17_2_1_1637077756076_38305\" class=\"sqs-block image-block sqs-block-image sqs-col-6 span-6 float float-left sqs-text-ready\" data-block-type=\"5\">\n<div id=\"yui_3_17_2_1_1637707503569_108\" class=\"sqs-block-content\">\n<div id=\"yui_3_17_2_1_1637707503569_107\" class=\"image-block-outer-wrapper layout-caption-below design-layout-inline combination-animation-none individual-animation-none individual-text-animation-none\" data-test=\"image-block-inline-outer-wrapper\">\n<figure id=\"yui_3_17_2_1_1637707503569_106\" class=\"sqs-block-image-figure intrinsic\">\n<div id=\"yui_3_17_2_1_1637707503569_105\" class=\"image-block-wrapper\" data-animation-role=\"image\">\n<div id=\"yui_3_17_2_1_1637707503569_104\" class=\"sqs-image-shape-container-element has-aspect-ratio\"><img loading=\"lazy\" decoding=\"async\" class=\"thumb-image loaded alignright\" src=\"https:\/\/images.squarespace-cdn.com\/content\/v1\/555530e5e4b009fa610029ab\/25df325d-26cc-4f04-b135-ef41091f6f82\/C4-TRIO_1-PORTADA-MOCKUP.jpg?format=500w\" alt=\"\" width=\"403\" height=\"403\" data-src=\"https:\/\/images.squarespace-cdn.com\/content\/v1\/555530e5e4b009fa610029ab\/25df325d-26cc-4f04-b135-ef41091f6f82\/C4-TRIO_1-PORTADA-MOCKUP.jpg\" data-image=\"https:\/\/images.squarespace-cdn.com\/content\/v1\/555530e5e4b009fa610029ab\/25df325d-26cc-4f04-b135-ef41091f6f82\/C4-TRIO_1-PORTADA-MOCKUP.jpg\" data-image-dimensions=\"2122x2122\" data-image-focal-point=\"0.5,0.5\" data-load=\"false\" data-image-id=\"6193d84b057eae3c7a179884\" data-type=\"image\" data-image-resolution=\"500w\" \/><\/div>\n<\/div>\n<\/figure>\n<\/div>\n<\/div>\n<\/div>\n<div id=\"block-yui_3_17_2_1_1637077756076_42520\" class=\"sqs-block html-block sqs-block-html\" data-block-type=\"2\">\n<div class=\"sqs-block-content\">\n<p class=\"\">El contenido de <strong><em>Back to 4<\/em><\/strong> que llega ahora a plataformas digitales este viernes 19 de noviembre, representa el abreboca de la obra en formato de larga duraci\u00f3n, que ser\u00e1 editada en junio de 2022.<\/p>\n<p class=\"\">En el showcase privado de <strong><em>Back to 4<\/em><\/strong>, que se celebra en el Koubek Center de Miami el viernes 19 de noviembre, el ensamble bautizar\u00e1 <strong><em>C4 Tr\u00edo y la leyenda de los cuatros explosivos<\/em><\/strong>, un libro sobre sus 15 a\u00f1os de recorrido, obra del periodista y escritor <strong>Gerardo Guarache Ocque<\/strong>, que estar\u00e1 a la venta en la tienda virtual de <strong>C4Trio.com<\/strong>, as\u00ed como en sus presentaciones en directo.<\/p>\n<p class=\"\">La obra biogr\u00e1fica, que recoge la \u00e9pica de un grupo predestinado a transformar el cuatro y trascender las fronteras de la ra\u00edz tradicional venezolana, re\u00fane cr\u00f3nicas y an\u00e9cdotas cargadas de humor y drama, que van de los inicios de Jorge, H\u00e9ctor, Edward y Rodner hasta tiempos recientes.<\/p>\n<p class=\"\"><strong>C4 Trio<\/strong> ha construido una historia dorada en 15 a\u00f1os, en los que se ha convertido en la m\u00e1xima representaci\u00f3n del cuatro. La agrupaci\u00f3n, cuyos cuatristas fueron todos al menos finalistas del <strong>Festival La Siembra del Cuatro<\/strong>, ha ganado dos <strong>Latin Grammy<\/strong> y unos cuantos <strong>Premios Pepsi Music<\/strong>. Tambi\u00e9n ha triunfado en el <strong>Festival de Joropo de Villavicencio, Colombia<\/strong>, y ha sido nominada en dos ocasiones al <strong>Grammy<\/strong> anglosaj\u00f3n, lo cual representa un hito para el instrumento nacional. El ensamble ha grabado \u00e1lbumes con <strong>El Pollo Brito<\/strong> y <strong>Gualberto Ibarreto<\/strong>, con el salsero nicarag\u00fcense <strong>Luis Enrique<\/strong> y la banda de ska <strong>Desorden P\u00fablico<\/strong>. Tambi\u00e9n ha colaborado con figuras como <strong>Aquiles B\u00e1ez<\/strong>, <strong>Rub\u00e9n Blades<\/strong>, <strong>Oscar D\u2019 Le\u00f3n<\/strong>, <strong>Guaco<\/strong>, <strong>Betsayda Machado<\/strong> y <strong>Servando Primera<\/strong>. Muchos de ellos participaron en la grabaci\u00f3n de DVD, titulado <strong><em>10 C4<\/em><\/strong>, con el que celebraron su primera d\u00e9cada.<\/p>\n<\/div>\n<\/div>\n<div id=\"block-yui_3_17_2_1_1637077756076_40524\" class=\"sqs-block image-block sqs-block-image sqs-col-6 span-6 float float-right sqs-text-ready\" data-block-type=\"5\">\n<div id=\"yui_3_17_2_1_1637707503569_126\" class=\"sqs-block-content\">\n<div id=\"yui_3_17_2_1_1637707503569_125\" class=\"image-block-outer-wrapper layout-caption-below design-layout-inline combination-animation-none individual-animation-none individual-text-animation-none\" data-test=\"image-block-inline-outer-wrapper\">\n<figure id=\"yui_3_17_2_1_1637707503569_124\" class=\"sqs-block-image-figure intrinsic\">\n<div id=\"yui_3_17_2_1_1637707503569_123\" class=\"image-block-wrapper\" data-animation-role=\"image\">\n<div id=\"yui_3_17_2_1_1637707503569_122\" class=\"sqs-image-shape-container-element has-aspect-ratio\"><img loading=\"lazy\" decoding=\"async\" class=\"thumb-image loaded alignleft\" src=\"https:\/\/images.squarespace-cdn.com\/content\/v1\/555530e5e4b009fa610029ab\/a4ee3b08-cfe7-4e7b-831e-bcd4175af47f\/04.jpg?format=500w\" alt=\"\" width=\"433\" height=\"310\" data-src=\"https:\/\/images.squarespace-cdn.com\/content\/v1\/555530e5e4b009fa610029ab\/a4ee3b08-cfe7-4e7b-831e-bcd4175af47f\/04.jpg\" data-image=\"https:\/\/images.squarespace-cdn.com\/content\/v1\/555530e5e4b009fa610029ab\/a4ee3b08-cfe7-4e7b-831e-bcd4175af47f\/04.jpg\" data-image-dimensions=\"5112x3663\" data-image-focal-point=\"0.5,0.5\" data-load=\"false\" data-image-id=\"6193d8599e9bc36903d0b914\" data-type=\"image\" data-image-resolution=\"500w\" \/><\/div>\n<\/div><figcaption class=\"image-caption-wrapper\">\n<div class=\"image-caption\">\n<p class=\"\">Gerardo Guarache Ocque<\/p>\n<\/div>\n<\/figcaption><\/figure>\n<\/div>\n<\/div>\n<\/div>\n<div id=\"block-yui_3_17_2_1_1637077756076_40880\" class=\"sqs-block html-block sqs-block-html\" data-block-type=\"2\">\n<div class=\"sqs-block-content\">\n<p class=\"\"><strong>Gerardo Guarache Ocque<\/strong> (Cuman\u00e1, 1982) es periodista egresado de la <strong>Universidad Cat\u00f3lica Andr\u00e9s Bello<\/strong> y mag\u00edster en Literatura Espa\u00f1ola e Hispanoamericana por la <strong>Universidad de Barcelona, Espa\u00f1a<\/strong>. Ha publicado dos libros: <strong><em>Yordano por Giordano<\/em><\/strong> (Libros El Nacional, 2016) y <strong><em>Zapato 3: Una idea muy obscena<\/em><\/strong> (Ediciones B, 2016). Adem\u00e1s, fue compilador de <strong><em>10 a\u00f1os de pura Guataca<\/em><\/strong> (Guataca, 2018), el documento que registra la historia de la plataforma cultural fundada por el empresario <strong>Ernesto Rangel<\/strong> y el m\u00fasico <strong>Aquiles B\u00e1ez<\/strong>, que se ha concentrado en cultivar, divulgar y producir m\u00fasica inspirada en la ra\u00edz tradicional venezolana. Guarache Ocque ha sido reportero del diario <strong>El Nacional<\/strong> y corresponsal de la agencia francesa de noticias <strong>AFP<\/strong> y sus textos han sido publicados en medios como <strong>Prodavinci.com<\/strong>, <strong>Revista<\/strong> <strong>Ladosis<\/strong>, <strong>BBC Mundo<\/strong> y <strong>Radio<\/strong> <strong>Gladys Palmera<\/strong>. Su carrera profesional comenz\u00f3 casi al mismo tiempo que C4 Tr\u00edo inici\u00f3 la suya.<\/p>\n<\/div>\n<\/div>","protected":false},"excerpt":{"rendered":"<p>C4 Tr\u00edo, uno de los ensambles musicales m\u00e1s importantes de las \u00faltimas dos d\u00e9cadas, edita el viernes 19 de noviembre su nuevo EP Back to 4 y, simult\u00e1neamente, bautiza un libro sobre su historia, escrito por Gerardo Guarache Ocque. El nuevo \u00e1lbum de los cuatristas&#8230;<\/p>","protected":false},"author":1,"featured_media":9182,"comment_status":"open","ping_status":"open","sticky":false,"template":"","format":"standard","meta":{"footnotes":""},"categories":[6],"tags":[],"class_list":["post-9181","post","type-post","status-publish","format-standard","has-post-thumbnail","hentry","category-noticias-es"],"yoast_head":"<!-- This site is optimized with the Yoast SEO plugin v27.1.1 - https:\/\/yoast.com\/product\/yoast-seo-wordpress\/ -->\n<title>C4 Tr\u00edo edita su EP Back to 4 y bautiza un libro sobre su historia - C4 Tr\u00edo<\/title>\n<meta name=\"robots\" content=\"index, follow, max-snippet:-1, max-image-preview:large, max-video-preview:-1\" \/>\n<link rel=\"canonical\" href=\"https:\/\/www.c4trio.com\/en\/c4-trio-edita-su-ep-back-to-4-y-bautiza-un-libro-sobre-su-historia\/\" \/>\n<meta property=\"og:locale\" content=\"en_US\" \/>\n<meta property=\"og:type\" content=\"article\" \/>\n<meta property=\"og:title\" content=\"C4 Tr\u00edo edita su EP Back to 4 y bautiza un libro sobre su historia - C4 Tr\u00edo\" \/>\n<meta property=\"og:description\" content=\"C4 Tr\u00edo, uno de los ensambles musicales m\u00e1s importantes de las \u00faltimas dos d\u00e9cadas, edita el viernes 19 de noviembre su nuevo EP Back to 4 y, simult\u00e1neamente, bautiza un libro sobre su historia, escrito por Gerardo Guarache Ocque. El nuevo \u00e1lbum de los cuatristas...\" \/>\n<meta property=\"og:url\" content=\"https:\/\/www.c4trio.com\/en\/c4-trio-edita-su-ep-back-to-4-y-bautiza-un-libro-sobre-su-historia\/\" \/>\n<meta property=\"og:site_name\" content=\"C4 Tr\u00edo\" \/>\n<meta property=\"article:publisher\" content=\"https:\/\/www.facebook.com\/profile.php?id=100050537467192\" \/>\n<meta property=\"article:published_time\" content=\"2021-11-23T22:48:14+00:00\" \/>\n<meta property=\"article:modified_time\" content=\"2021-11-23T22:48:35+00:00\" \/>\n<meta property=\"og:image\" content=\"https:\/\/www.c4trio.com\/wp-content\/uploads\/2021\/11\/Libroc4trio.jpeg\" \/>\n\t<meta property=\"og:image:width\" content=\"907\" \/>\n\t<meta property=\"og:image:height\" content=\"907\" \/>\n\t<meta property=\"og:image:type\" content=\"image\/jpeg\" \/>\n<meta name=\"author\" content=\"josuar_umbrella\" \/>\n<meta name=\"twitter:card\" content=\"summary_large_image\" \/>\n<meta name=\"twitter:creator\" content=\"@c4trio\" \/>\n<meta name=\"twitter:site\" content=\"@c4trio\" \/>\n<meta name=\"twitter:label1\" content=\"Written by\" \/>\n\t<meta name=\"twitter:data1\" content=\"josuar_umbrella\" \/>\n\t<meta name=\"twitter:label2\" content=\"Est. reading time\" \/>\n\t<meta name=\"twitter:data2\" content=\"3 minutes\" \/>\n<script type=\"application\/ld+json\" class=\"yoast-schema-graph\">{\"@context\":\"https:\/\/schema.org\",\"@graph\":[{\"@type\":\"Article\",\"@id\":\"https:\/\/www.c4trio.com\/c4-trio-edita-su-ep-back-to-4-y-bautiza-un-libro-sobre-su-historia\/#article\",\"isPartOf\":{\"@id\":\"https:\/\/www.c4trio.com\/c4-trio-edita-su-ep-back-to-4-y-bautiza-un-libro-sobre-su-historia\/\"},\"author\":{\"name\":\"josuar_umbrella\",\"@id\":\"https:\/\/www.c4trio.com\/#\/schema\/person\/34827e0df8bd01ccb69a0da8c48487ed\"},\"headline\":\"C4 Tr\u00edo edita su EP Back to 4 y bautiza un libro sobre su historia\",\"datePublished\":\"2021-11-23T22:48:14+00:00\",\"dateModified\":\"2021-11-23T22:48:35+00:00\",\"mainEntityOfPage\":{\"@id\":\"https:\/\/www.c4trio.com\/c4-trio-edita-su-ep-back-to-4-y-bautiza-un-libro-sobre-su-historia\/\"},\"wordCount\":578,\"commentCount\":0,\"publisher\":{\"@id\":\"https:\/\/www.c4trio.com\/#organization\"},\"image\":{\"@id\":\"https:\/\/www.c4trio.com\/c4-trio-edita-su-ep-back-to-4-y-bautiza-un-libro-sobre-su-historia\/#primaryimage\"},\"thumbnailUrl\":\"https:\/\/www.c4trio.com\/wp-content\/uploads\/2021\/11\/Libroc4trio.jpeg\",\"articleSection\":[\"Noticias\"],\"inLanguage\":\"en-US\",\"potentialAction\":[{\"@type\":\"CommentAction\",\"name\":\"Comment\",\"target\":[\"https:\/\/www.c4trio.com\/c4-trio-edita-su-ep-back-to-4-y-bautiza-un-libro-sobre-su-historia\/#respond\"]}]},{\"@type\":\"WebPage\",\"@id\":\"https:\/\/www.c4trio.com\/c4-trio-edita-su-ep-back-to-4-y-bautiza-un-libro-sobre-su-historia\/\",\"url\":\"https:\/\/www.c4trio.com\/c4-trio-edita-su-ep-back-to-4-y-bautiza-un-libro-sobre-su-historia\/\",\"name\":\"C4 Tr\u00edo edita su EP Back to 4 y bautiza un libro sobre su historia - C4 Tr\u00edo\",\"isPartOf\":{\"@id\":\"https:\/\/www.c4trio.com\/#website\"},\"primaryImageOfPage\":{\"@id\":\"https:\/\/www.c4trio.com\/c4-trio-edita-su-ep-back-to-4-y-bautiza-un-libro-sobre-su-historia\/#primaryimage\"},\"image\":{\"@id\":\"https:\/\/www.c4trio.com\/c4-trio-edita-su-ep-back-to-4-y-bautiza-un-libro-sobre-su-historia\/#primaryimage\"},\"thumbnailUrl\":\"https:\/\/www.c4trio.com\/wp-content\/uploads\/2021\/11\/Libroc4trio.jpeg\",\"datePublished\":\"2021-11-23T22:48:14+00:00\",\"dateModified\":\"2021-11-23T22:48:35+00:00\",\"breadcrumb\":{\"@id\":\"https:\/\/www.c4trio.com\/c4-trio-edita-su-ep-back-to-4-y-bautiza-un-libro-sobre-su-historia\/#breadcrumb\"},\"inLanguage\":\"en-US\",\"potentialAction\":[{\"@type\":\"ReadAction\",\"target\":[\"https:\/\/www.c4trio.com\/c4-trio-edita-su-ep-back-to-4-y-bautiza-un-libro-sobre-su-historia\/\"]}]},{\"@type\":\"ImageObject\",\"inLanguage\":\"en-US\",\"@id\":\"https:\/\/www.c4trio.com\/c4-trio-edita-su-ep-back-to-4-y-bautiza-un-libro-sobre-su-historia\/#primaryimage\",\"url\":\"https:\/\/www.c4trio.com\/wp-content\/uploads\/2021\/11\/Libroc4trio.jpeg\",\"contentUrl\":\"https:\/\/www.c4trio.com\/wp-content\/uploads\/2021\/11\/Libroc4trio.jpeg\",\"width\":907,\"height\":907},{\"@type\":\"BreadcrumbList\",\"@id\":\"https:\/\/www.c4trio.com\/c4-trio-edita-su-ep-back-to-4-y-bautiza-un-libro-sobre-su-historia\/#breadcrumb\",\"itemListElement\":[{\"@type\":\"ListItem\",\"position\":1,\"name\":\"Portada\",\"item\":\"https:\/\/www.c4trio.com\/\"},{\"@type\":\"ListItem\",\"position\":2,\"name\":\"C4 Tr\u00edo edita su EP Back to 4 y bautiza un libro sobre su historia\"}]},{\"@type\":\"WebSite\",\"@id\":\"https:\/\/www.c4trio.com\/#website\",\"url\":\"https:\/\/www.c4trio.com\/\",\"name\":\"C4 Tr\u00edo\",\"description\":\"P\u00e1gina Oficial\",\"publisher\":{\"@id\":\"https:\/\/www.c4trio.com\/#organization\"},\"potentialAction\":[{\"@type\":\"SearchAction\",\"target\":{\"@type\":\"EntryPoint\",\"urlTemplate\":\"https:\/\/www.c4trio.com\/?s={search_term_string}\"},\"query-input\":{\"@type\":\"PropertyValueSpecification\",\"valueRequired\":true,\"valueName\":\"search_term_string\"}}],\"inLanguage\":\"en-US\"},{\"@type\":\"Organization\",\"@id\":\"https:\/\/www.c4trio.com\/#organization\",\"name\":\"C4 Tr\u00edo\",\"url\":\"https:\/\/www.c4trio.com\/\",\"logo\":{\"@type\":\"ImageObject\",\"inLanguage\":\"en-US\",\"@id\":\"https:\/\/www.c4trio.com\/#\/schema\/logo\/image\/\",\"url\":\"https:\/\/www.c4trio.com\/wp-content\/uploads\/2016\/09\/logo.png\",\"contentUrl\":\"https:\/\/www.c4trio.com\/wp-content\/uploads\/2016\/09\/logo.png\",\"width\":365,\"height\":80,\"caption\":\"C4 Tr\u00edo\"},\"image\":{\"@id\":\"https:\/\/www.c4trio.com\/#\/schema\/logo\/image\/\"},\"sameAs\":[\"https:\/\/www.facebook.com\/profile.php?id=100050537467192\",\"https:\/\/x.com\/c4trio\",\"https:\/\/www.instagram.com\/c4trio\"]},{\"@type\":\"Person\",\"@id\":\"https:\/\/www.c4trio.com\/#\/schema\/person\/34827e0df8bd01ccb69a0da8c48487ed\",\"name\":\"josuar_umbrella\",\"image\":{\"@type\":\"ImageObject\",\"inLanguage\":\"en-US\",\"@id\":\"https:\/\/www.c4trio.com\/#\/schema\/person\/image\/\",\"url\":\"https:\/\/secure.gravatar.com\/avatar\/d5546336be5d9d70d3a439237c09c9921c6569aad089976128d970ff59c770fe?s=96&d=mm&r=g\",\"contentUrl\":\"https:\/\/secure.gravatar.com\/avatar\/d5546336be5d9d70d3a439237c09c9921c6569aad089976128d970ff59c770fe?s=96&d=mm&r=g\",\"caption\":\"josuar_umbrella\"},\"sameAs\":[\"https:\/\/josuarochoa.com\/c4trio\"],\"url\":\"https:\/\/www.c4trio.com\/en\/author\/josuar_umbrella\/\"}]}<\/script>\n<!-- \/ Yoast SEO plugin. -->","yoast_head_json":{"title":"C4 Tr\u00edo edita su EP Back to 4 y bautiza un libro sobre su historia - C4 Tr\u00edo","robots":{"index":"index","follow":"follow","max-snippet":"max-snippet:-1","max-image-preview":"max-image-preview:large","max-video-preview":"max-video-preview:-1"},"canonical":"https:\/\/www.c4trio.com\/en\/c4-trio-edita-su-ep-back-to-4-y-bautiza-un-libro-sobre-su-historia\/","og_locale":"en_US","og_type":"article","og_title":"C4 Tr\u00edo edita su EP Back to 4 y bautiza un libro sobre su historia - C4 Tr\u00edo","og_description":"C4 Tr\u00edo, uno de los ensambles musicales m\u00e1s importantes de las \u00faltimas dos d\u00e9cadas, edita el viernes 19 de noviembre su nuevo EP Back to 4 y, simult\u00e1neamente, bautiza un libro sobre su historia, escrito por Gerardo Guarache Ocque. El nuevo \u00e1lbum de los cuatristas...","og_url":"https:\/\/www.c4trio.com\/en\/c4-trio-edita-su-ep-back-to-4-y-bautiza-un-libro-sobre-su-historia\/","og_site_name":"C4 Tr\u00edo","article_publisher":"https:\/\/www.facebook.com\/profile.php?id=100050537467192","article_published_time":"2021-11-23T22:48:14+00:00","article_modified_time":"2021-11-23T22:48:35+00:00","og_image":[{"width":907,"height":907,"url":"https:\/\/www.c4trio.com\/wp-content\/uploads\/2021\/11\/Libroc4trio.jpeg","type":"image\/jpeg"}],"author":"josuar_umbrella","twitter_card":"summary_large_image","twitter_creator":"@c4trio","twitter_site":"@c4trio","twitter_misc":{"Written by":"josuar_umbrella","Est. reading time":"3 minutes"},"schema":{"@context":"https:\/\/schema.org","@graph":[{"@type":"Article","@id":"https:\/\/www.c4trio.com\/c4-trio-edita-su-ep-back-to-4-y-bautiza-un-libro-sobre-su-historia\/#article","isPartOf":{"@id":"https:\/\/www.c4trio.com\/c4-trio-edita-su-ep-back-to-4-y-bautiza-un-libro-sobre-su-historia\/"},"author":{"name":"josuar_umbrella","@id":"https:\/\/www.c4trio.com\/#\/schema\/person\/34827e0df8bd01ccb69a0da8c48487ed"},"headline":"C4 Tr\u00edo edita su EP Back to 4 y bautiza un libro sobre su historia","datePublished":"2021-11-23T22:48:14+00:00","dateModified":"2021-11-23T22:48:35+00:00","mainEntityOfPage":{"@id":"https:\/\/www.c4trio.com\/c4-trio-edita-su-ep-back-to-4-y-bautiza-un-libro-sobre-su-historia\/"},"wordCount":578,"commentCount":0,"publisher":{"@id":"https:\/\/www.c4trio.com\/#organization"},"image":{"@id":"https:\/\/www.c4trio.com\/c4-trio-edita-su-ep-back-to-4-y-bautiza-un-libro-sobre-su-historia\/#primaryimage"},"thumbnailUrl":"https:\/\/www.c4trio.com\/wp-content\/uploads\/2021\/11\/Libroc4trio.jpeg","articleSection":["Noticias"],"inLanguage":"en-US","potentialAction":[{"@type":"CommentAction","name":"Comment","target":["https:\/\/www.c4trio.com\/c4-trio-edita-su-ep-back-to-4-y-bautiza-un-libro-sobre-su-historia\/#respond"]}]},{"@type":"WebPage","@id":"https:\/\/www.c4trio.com\/c4-trio-edita-su-ep-back-to-4-y-bautiza-un-libro-sobre-su-historia\/","url":"https:\/\/www.c4trio.com\/c4-trio-edita-su-ep-back-to-4-y-bautiza-un-libro-sobre-su-historia\/","name":"C4 Tr\u00edo edita su EP Back to 4 y bautiza un libro sobre su historia - C4 Tr\u00edo","isPartOf":{"@id":"https:\/\/www.c4trio.com\/#website"},"primaryImageOfPage":{"@id":"https:\/\/www.c4trio.com\/c4-trio-edita-su-ep-back-to-4-y-bautiza-un-libro-sobre-su-historia\/#primaryimage"},"image":{"@id":"https:\/\/www.c4trio.com\/c4-trio-edita-su-ep-back-to-4-y-bautiza-un-libro-sobre-su-historia\/#primaryimage"},"thumbnailUrl":"https:\/\/www.c4trio.com\/wp-content\/uploads\/2021\/11\/Libroc4trio.jpeg","datePublished":"2021-11-23T22:48:14+00:00","dateModified":"2021-11-23T22:48:35+00:00","breadcrumb":{"@id":"https:\/\/www.c4trio.com\/c4-trio-edita-su-ep-back-to-4-y-bautiza-un-libro-sobre-su-historia\/#breadcrumb"},"inLanguage":"en-US","potentialAction":[{"@type":"ReadAction","target":["https:\/\/www.c4trio.com\/c4-trio-edita-su-ep-back-to-4-y-bautiza-un-libro-sobre-su-historia\/"]}]},{"@type":"ImageObject","inLanguage":"en-US","@id":"https:\/\/www.c4trio.com\/c4-trio-edita-su-ep-back-to-4-y-bautiza-un-libro-sobre-su-historia\/#primaryimage","url":"https:\/\/www.c4trio.com\/wp-content\/uploads\/2021\/11\/Libroc4trio.jpeg","contentUrl":"https:\/\/www.c4trio.com\/wp-content\/uploads\/2021\/11\/Libroc4trio.jpeg","width":907,"height":907},{"@type":"BreadcrumbList","@id":"https:\/\/www.c4trio.com\/c4-trio-edita-su-ep-back-to-4-y-bautiza-un-libro-sobre-su-historia\/#breadcrumb","itemListElement":[{"@type":"ListItem","position":1,"name":"Portada","item":"https:\/\/www.c4trio.com\/"},{"@type":"ListItem","position":2,"name":"C4 Tr\u00edo edita su EP Back to 4 y bautiza un libro sobre su historia"}]},{"@type":"WebSite","@id":"https:\/\/www.c4trio.com\/#website","url":"https:\/\/www.c4trio.com\/","name":"C4 Trio","description":"P\u00e1gina Oficial","publisher":{"@id":"https:\/\/www.c4trio.com\/#organization"},"potentialAction":[{"@type":"SearchAction","target":{"@type":"EntryPoint","urlTemplate":"https:\/\/www.c4trio.com\/?s={search_term_string}"},"query-input":{"@type":"PropertyValueSpecification","valueRequired":true,"valueName":"search_term_string"}}],"inLanguage":"en-US"},{"@type":"Organization","@id":"https:\/\/www.c4trio.com\/#organization","name":"C4 Trio","url":"https:\/\/www.c4trio.com\/","logo":{"@type":"ImageObject","inLanguage":"en-US","@id":"https:\/\/www.c4trio.com\/#\/schema\/logo\/image\/","url":"https:\/\/www.c4trio.com\/wp-content\/uploads\/2016\/09\/logo.png","contentUrl":"https:\/\/www.c4trio.com\/wp-content\/uploads\/2016\/09\/logo.png","width":365,"height":80,"caption":"C4 Tr\u00edo"},"image":{"@id":"https:\/\/www.c4trio.com\/#\/schema\/logo\/image\/"},"sameAs":["https:\/\/www.facebook.com\/profile.php?id=100050537467192","https:\/\/x.com\/c4trio","https:\/\/www.instagram.com\/c4trio"]},{"@type":"Person","@id":"https:\/\/www.c4trio.com\/#\/schema\/person\/34827e0df8bd01ccb69a0da8c48487ed","name":"josuar_umbrella","image":{"@type":"ImageObject","inLanguage":"en-US","@id":"https:\/\/www.c4trio.com\/#\/schema\/person\/image\/","url":"https:\/\/secure.gravatar.com\/avatar\/d5546336be5d9d70d3a439237c09c9921c6569aad089976128d970ff59c770fe?s=96&d=mm&r=g","contentUrl":"https:\/\/secure.gravatar.com\/avatar\/d5546336be5d9d70d3a439237c09c9921c6569aad089976128d970ff59c770fe?s=96&d=mm&r=g","caption":"josuar_umbrella"},"sameAs":["https:\/\/josuarochoa.com\/c4trio"],"url":"https:\/\/www.c4trio.com\/en\/author\/josuar_umbrella\/"}]}},"_links":{"self":[{"href":"https:\/\/www.c4trio.com\/en\/wp-json\/wp\/v2\/posts\/9181","targetHints":{"allow":["GET"]}}],"collection":[{"href":"https:\/\/www.c4trio.com\/en\/wp-json\/wp\/v2\/posts"}],"about":[{"href":"https:\/\/www.c4trio.com\/en\/wp-json\/wp\/v2\/types\/post"}],"author":[{"embeddable":true,"href":"https:\/\/www.c4trio.com\/en\/wp-json\/wp\/v2\/users\/1"}],"replies":[{"embeddable":true,"href":"https:\/\/www.c4trio.com\/en\/wp-json\/wp\/v2\/comments?post=9181"}],"version-history":[{"count":2,"href":"https:\/\/www.c4trio.com\/en\/wp-json\/wp\/v2\/posts\/9181\/revisions"}],"predecessor-version":[{"id":9184,"href":"https:\/\/www.c4trio.com\/en\/wp-json\/wp\/v2\/posts\/9181\/revisions\/9184"}],"wp:featuredmedia":[{"embeddable":true,"href":"https:\/\/www.c4trio.com\/en\/wp-json\/wp\/v2\/media\/9182"}],"wp:attachment":[{"href":"https:\/\/www.c4trio.com\/en\/wp-json\/wp\/v2\/media?parent=9181"}],"wp:term":[{"taxonomy":"category","embeddable":true,"href":"https:\/\/www.c4trio.com\/en\/wp-json\/wp\/v2\/categories?post=9181"},{"taxonomy":"post_tag","embeddable":true,"href":"https:\/\/www.c4trio.com\/en\/wp-json\/wp\/v2\/tags?post=9181"}],"curies":[{"name":"wp","href":"https:\/\/api.w.org\/{rel}","templated":true}]}}