{"id":793,"date":"2014-06-16T18:19:16","date_gmt":"2014-06-16T18:19:16","guid":{"rendered":"http:\/\/c4trio.com\/site\/?p=793"},"modified":"2014-06-16T18:19:16","modified_gmt":"2014-06-16T18:19:16","slug":"de-repente-a-c4-trio-y-rafael-pollo-brito-se-les-ocurrio-hacer-un-show-en-bod","status":"publish","type":"post","link":"https:\/\/www.c4trio.com\/en\/de-repente-a-c4-trio-y-rafael-pollo-brito-se-les-ocurrio-hacer-un-show-en-bod\/","title":{"rendered":"De Repente a C4 Tr\u00edo y Rafael \u201cPollo\u201d Brito se les ocurri\u00f3 hacer un show en BOD"},"content":{"rendered":"<h1 itemprop=\"name\"><span style=\"font-size: 14px; line-height: 1.5em;\">Luego de la exitosa gira que los llevara por 11 ciudades del pa\u00eds, C4 Tr\u00edo y El Pollo Brito vuelven a unirse para realizar 2 conciertos \u00edntimos en Caracas.<\/span><\/h1>\n<div itemprop=\"articleBody\">\nCaracas, 11 de junio de 2014-. El ensamble nominado al Grammy Latino C4 Tr\u00edo y el carism\u00e1tico cantante Rafael \u201cPollo\u201d Brito presentar\u00e1n 2 conciertos \u00edntimos, en la sala de conciertos del Centro Cultural BOD. El repertorio de estas veladas contar\u00e1 con temas de su primera producci\u00f3n en conjunto titulada De Repente.<\/p>\n<p>Durante los \u00faltimos meses del 2013, C4 Tr\u00edo y Rafael \u201cPollo\u201d Brito realizaron una gira de conciertos que los llev\u00f3 por 11 ciudades del pa\u00eds, culminando en Caracas con el bautizo de su disco De Repente, producci\u00f3n que ha sido aclamada por el p\u00fablico nacional e internacional por la originalidad de su propuesta y el sonido \u00fanico que lograron los int\u00e9rpretes.<\/p>\n<p>H\u00e9ctor Molina, Gonzalo Teppa, Edward Ram\u00edrez y Jorge Glem son los miembros de una de las agrupaciones de m\u00fasica tradicional venezolana m\u00e1s aplaudidas de la actualidad, y fue nominada al Grammy Latino 2013 por su disco junto a Gualberto Ibarreto Gualberto + C4.<\/p>\n<p>La bienvenida de Teppa a C4 Tr\u00edo<\/p>\n<p>El contrabajista Gonzalo Teppa se incorpor\u00f3 a C4 Tr\u00edo a comienzos de este a\u00f1o, cuando el bajista Rodner Padilla decidiera asumir compromisos en otras latitudes. Esta adquisici\u00f3n da a \u201cLos C4\u201d una nueva sonoridad, que refresca la propuesta que ya se ha popularizado entre el p\u00fablico nacional e internacional.<\/p>\n<p>Gonzalo, proveniente de las filas de El Sistema de Orquestas, ha incursionado en g\u00e9neros tan diversos como la m\u00fasica acad\u00e9mica y el jazz, incorporando la energ\u00eda de ambos a la m\u00fasica venezolana en sus 3 producciones discogr\u00e1ficas en solitario y ahora a la original propuesta de C4 Tr\u00edo.<\/p>\n<p>\u201cDe Repente\u201d, n\u00famero 1 en las carteleras<\/p>\n<p>\u201cLos C4\u201d unieron talentos con el cantante y animador Rafael \u201cPollo\u201d Brito, uno de los personajes m\u00e1s queridos de la televisi\u00f3n y virtuoso instrumentista, luego de compartir escenario en los premios Pepsi Music 2013 en la actuaci\u00f3n m\u00e1s recordada de la noche. Esta acertada mezcla dio como resultado la gira \u201cSeguros de lo Nuestro\u201d que disfrutaron casi 10 mil personas a nivel nacional.<\/p>\n<p>De ese mismo encuentro nace la idea de producir De Repente que es una producci\u00f3n en la que se conjugan la originalidad del formato de C4 con la c\u00e1lida voz de El Pollo en temas como \u201cOc\u00e9ano\u201d de Djavan, \u201cYo sin ti no valgo nada\u201d de Evio Di Marzo, \u201cLucerito\u201d de Luis Mariano Rivera, \u201cHasta que vuelvas\u201d de Leonardo Oporto, la cl\u00e1sica Onda Nueva de Aldemaro Romero que le da nombre al disco, entre otros.<\/p>\n<p>Pero fue a inicios de 2014 cuando el tema \u201cYo sin ti no valgo nada\u201d, que forma parte de su producci\u00f3n en conjunto \u201cDe Repente\u201d se mantuviera entre el primer y segundo del record report, la cartelera musical m\u00e1s importante del pa\u00eds, durante varias semanas.<\/p>\n<p>Un concierto s\u00f3lo para 800 personas<\/p>\n<p>El show promete ser un espect\u00e1culo \u00edntimo, donde la m\u00fasica ser\u00e1 la protagonista de una velada en la que el p\u00fablico har\u00e1 un recorrido por varios de los temas que forman parte de la producci\u00f3n de C4 Tr\u00edo y El Pollo Brito, y que son piezas que forman parte de la historia musical de nuestro pa\u00eds.<\/p>\n<p>Queda abierta la invitaci\u00f3n para los d\u00edas 20 y 21 de junio, a las 8:00 pm, en la sala de conciertos del Centro Cultural BOD. Entradas a la venta en www.ticketmundo.com y en las taquillas del Centro Cultural. M\u00e1s informaci\u00f3n a trav\u00e9s de www.c4trio.com y el perfil de Twitter @C4trio.<\/p>\n<p><a href=\"http:\/\/www.venezuelasinfonica.com\/wp-content\/uploads\/2014\/06\/C4yelpollo_brito.jpg\"><img loading=\"lazy\" decoding=\"async\" class=\"aligncenter\" alt=\"De Repente a C4 Tr\u00edo y Rafael \u201cPollo\u201d Brito se les ocurri\u00f3 hacer un show en BOD\" src=\"http:\/\/www.venezuelasinfonica.com\/wp-content\/uploads\/2014\/06\/C4yelpollo_brito-512x1024.jpg\" width=\"512\" height=\"1024\" \/><\/a><\/p>\n<p>&nbsp;<\/p>\n<\/div>","protected":false},"excerpt":{"rendered":"<p>Luego de la exitosa gira que los llevara por 11 ciudades del pa\u00eds, C4 Tr\u00edo y El Pollo Brito vuelven a unirse para realizar 2 conciertos \u00edntimos en Caracas. Caracas, 11 de junio de 2014-. El ensamble nominado al Grammy Latino C4 Tr\u00edo y el&#8230;<\/p>","protected":false},"author":1,"featured_media":794,"comment_status":"open","ping_status":"open","sticky":false,"template":"","format":"standard","meta":{"footnotes":""},"categories":[6],"tags":[],"class_list":["post-793","post","type-post","status-publish","format-standard","has-post-thumbnail","hentry","category-noticias-es"],"yoast_head":"<!-- This site is optimized with the Yoast SEO plugin v27.1.1 - https:\/\/yoast.com\/product\/yoast-seo-wordpress\/ -->\n<title>De Repente a C4 Tr\u00edo y Rafael \u201cPollo\u201d Brito se les ocurri\u00f3 hacer un show en BOD - C4 Tr\u00edo<\/title>\n<meta name=\"robots\" content=\"index, follow, max-snippet:-1, max-image-preview:large, max-video-preview:-1\" \/>\n<link rel=\"canonical\" href=\"https:\/\/www.c4trio.com\/en\/de-repente-a-c4-trio-y-rafael-pollo-brito-se-les-ocurrio-hacer-un-show-en-bod\/\" \/>\n<meta property=\"og:locale\" content=\"en_US\" \/>\n<meta property=\"og:type\" content=\"article\" \/>\n<meta property=\"og:title\" content=\"De Repente a C4 Tr\u00edo y Rafael \u201cPollo\u201d Brito se les ocurri\u00f3 hacer un show en BOD - C4 Tr\u00edo\" \/>\n<meta property=\"og:description\" content=\"Luego de la exitosa gira que los llevara por 11 ciudades del pa\u00eds, C4 Tr\u00edo y El Pollo Brito vuelven a unirse para realizar 2 conciertos \u00edntimos en Caracas. Caracas, 11 de junio de 2014-. El ensamble nominado al Grammy Latino C4 Tr\u00edo y el...\" \/>\n<meta property=\"og:url\" content=\"https:\/\/www.c4trio.com\/en\/de-repente-a-c4-trio-y-rafael-pollo-brito-se-les-ocurrio-hacer-un-show-en-bod\/\" \/>\n<meta property=\"og:site_name\" content=\"C4 Tr\u00edo\" \/>\n<meta property=\"article:publisher\" content=\"https:\/\/www.facebook.com\/profile.php?id=100050537467192\" \/>\n<meta property=\"article:published_time\" content=\"2014-06-16T18:19:16+00:00\" \/>\n<meta name=\"author\" content=\"josuar_umbrella\" \/>\n<meta name=\"twitter:card\" content=\"summary_large_image\" \/>\n<meta name=\"twitter:creator\" content=\"@c4trio\" \/>\n<meta name=\"twitter:site\" content=\"@c4trio\" \/>\n<meta name=\"twitter:label1\" content=\"Written by\" \/>\n\t<meta name=\"twitter:data1\" content=\"josuar_umbrella\" \/>\n\t<meta name=\"twitter:label2\" content=\"Est. reading time\" \/>\n\t<meta name=\"twitter:data2\" content=\"3 minutes\" \/>\n<script type=\"application\/ld+json\" class=\"yoast-schema-graph\">{\"@context\":\"https:\/\/schema.org\",\"@graph\":[{\"@type\":\"Article\",\"@id\":\"https:\/\/www.c4trio.com\/de-repente-a-c4-trio-y-rafael-pollo-brito-se-les-ocurrio-hacer-un-show-en-bod\/#article\",\"isPartOf\":{\"@id\":\"https:\/\/www.c4trio.com\/de-repente-a-c4-trio-y-rafael-pollo-brito-se-les-ocurrio-hacer-un-show-en-bod\/\"},\"author\":{\"name\":\"josuar_umbrella\",\"@id\":\"https:\/\/www.c4trio.com\/#\/schema\/person\/34827e0df8bd01ccb69a0da8c48487ed\"},\"headline\":\"De Repente a C4 Tr\u00edo y Rafael \u201cPollo\u201d Brito se les ocurri\u00f3 hacer un show en BOD\",\"datePublished\":\"2014-06-16T18:19:16+00:00\",\"mainEntityOfPage\":{\"@id\":\"https:\/\/www.c4trio.com\/de-repente-a-c4-trio-y-rafael-pollo-brito-se-les-ocurrio-hacer-un-show-en-bod\/\"},\"wordCount\":649,\"commentCount\":0,\"publisher\":{\"@id\":\"https:\/\/www.c4trio.com\/#organization\"},\"image\":{\"@id\":\"https:\/\/www.c4trio.com\/de-repente-a-c4-trio-y-rafael-pollo-brito-se-les-ocurrio-hacer-un-show-en-bod\/#primaryimage\"},\"thumbnailUrl\":\"\",\"articleSection\":[\"Noticias\"],\"inLanguage\":\"en-US\",\"potentialAction\":[{\"@type\":\"CommentAction\",\"name\":\"Comment\",\"target\":[\"https:\/\/www.c4trio.com\/de-repente-a-c4-trio-y-rafael-pollo-brito-se-les-ocurrio-hacer-un-show-en-bod\/#respond\"]}]},{\"@type\":\"WebPage\",\"@id\":\"https:\/\/www.c4trio.com\/de-repente-a-c4-trio-y-rafael-pollo-brito-se-les-ocurrio-hacer-un-show-en-bod\/\",\"url\":\"https:\/\/www.c4trio.com\/de-repente-a-c4-trio-y-rafael-pollo-brito-se-les-ocurrio-hacer-un-show-en-bod\/\",\"name\":\"De Repente a C4 Tr\u00edo y Rafael \u201cPollo\u201d Brito se les ocurri\u00f3 hacer un show en BOD - C4 Tr\u00edo\",\"isPartOf\":{\"@id\":\"https:\/\/www.c4trio.com\/#website\"},\"primaryImageOfPage\":{\"@id\":\"https:\/\/www.c4trio.com\/de-repente-a-c4-trio-y-rafael-pollo-brito-se-les-ocurrio-hacer-un-show-en-bod\/#primaryimage\"},\"image\":{\"@id\":\"https:\/\/www.c4trio.com\/de-repente-a-c4-trio-y-rafael-pollo-brito-se-les-ocurrio-hacer-un-show-en-bod\/#primaryimage\"},\"thumbnailUrl\":\"\",\"datePublished\":\"2014-06-16T18:19:16+00:00\",\"breadcrumb\":{\"@id\":\"https:\/\/www.c4trio.com\/de-repente-a-c4-trio-y-rafael-pollo-brito-se-les-ocurrio-hacer-un-show-en-bod\/#breadcrumb\"},\"inLanguage\":\"en-US\",\"potentialAction\":[{\"@type\":\"ReadAction\",\"target\":[\"https:\/\/www.c4trio.com\/de-repente-a-c4-trio-y-rafael-pollo-brito-se-les-ocurrio-hacer-un-show-en-bod\/\"]}]},{\"@type\":\"ImageObject\",\"inLanguage\":\"en-US\",\"@id\":\"https:\/\/www.c4trio.com\/de-repente-a-c4-trio-y-rafael-pollo-brito-se-les-ocurrio-hacer-un-show-en-bod\/#primaryimage\",\"url\":\"\",\"contentUrl\":\"\"},{\"@type\":\"BreadcrumbList\",\"@id\":\"https:\/\/www.c4trio.com\/de-repente-a-c4-trio-y-rafael-pollo-brito-se-les-ocurrio-hacer-un-show-en-bod\/#breadcrumb\",\"itemListElement\":[{\"@type\":\"ListItem\",\"position\":1,\"name\":\"Portada\",\"item\":\"https:\/\/www.c4trio.com\/\"},{\"@type\":\"ListItem\",\"position\":2,\"name\":\"De Repente a C4 Tr\u00edo y Rafael \u201cPollo\u201d Brito se les ocurri\u00f3 hacer un show en BOD\"}]},{\"@type\":\"WebSite\",\"@id\":\"https:\/\/www.c4trio.com\/#website\",\"url\":\"https:\/\/www.c4trio.com\/\",\"name\":\"C4 Tr\u00edo\",\"description\":\"P\u00e1gina Oficial\",\"publisher\":{\"@id\":\"https:\/\/www.c4trio.com\/#organization\"},\"potentialAction\":[{\"@type\":\"SearchAction\",\"target\":{\"@type\":\"EntryPoint\",\"urlTemplate\":\"https:\/\/www.c4trio.com\/?s={search_term_string}\"},\"query-input\":{\"@type\":\"PropertyValueSpecification\",\"valueRequired\":true,\"valueName\":\"search_term_string\"}}],\"inLanguage\":\"en-US\"},{\"@type\":\"Organization\",\"@id\":\"https:\/\/www.c4trio.com\/#organization\",\"name\":\"C4 Tr\u00edo\",\"url\":\"https:\/\/www.c4trio.com\/\",\"logo\":{\"@type\":\"ImageObject\",\"inLanguage\":\"en-US\",\"@id\":\"https:\/\/www.c4trio.com\/#\/schema\/logo\/image\/\",\"url\":\"https:\/\/www.c4trio.com\/wp-content\/uploads\/2016\/09\/logo.png\",\"contentUrl\":\"https:\/\/www.c4trio.com\/wp-content\/uploads\/2016\/09\/logo.png\",\"width\":365,\"height\":80,\"caption\":\"C4 Tr\u00edo\"},\"image\":{\"@id\":\"https:\/\/www.c4trio.com\/#\/schema\/logo\/image\/\"},\"sameAs\":[\"https:\/\/www.facebook.com\/profile.php?id=100050537467192\",\"https:\/\/x.com\/c4trio\",\"https:\/\/www.instagram.com\/c4trio\"]},{\"@type\":\"Person\",\"@id\":\"https:\/\/www.c4trio.com\/#\/schema\/person\/34827e0df8bd01ccb69a0da8c48487ed\",\"name\":\"josuar_umbrella\",\"image\":{\"@type\":\"ImageObject\",\"inLanguage\":\"en-US\",\"@id\":\"https:\/\/www.c4trio.com\/#\/schema\/person\/image\/\",\"url\":\"https:\/\/secure.gravatar.com\/avatar\/d5546336be5d9d70d3a439237c09c9921c6569aad089976128d970ff59c770fe?s=96&d=mm&r=g\",\"contentUrl\":\"https:\/\/secure.gravatar.com\/avatar\/d5546336be5d9d70d3a439237c09c9921c6569aad089976128d970ff59c770fe?s=96&d=mm&r=g\",\"caption\":\"josuar_umbrella\"},\"sameAs\":[\"https:\/\/josuarochoa.com\/c4trio\"],\"url\":\"https:\/\/www.c4trio.com\/en\/author\/josuar_umbrella\/\"}]}<\/script>\n<!-- \/ Yoast SEO plugin. -->","yoast_head_json":{"title":"De Repente a C4 Tr\u00edo y Rafael \u201cPollo\u201d Brito se les ocurri\u00f3 hacer un show en BOD - C4 Tr\u00edo","robots":{"index":"index","follow":"follow","max-snippet":"max-snippet:-1","max-image-preview":"max-image-preview:large","max-video-preview":"max-video-preview:-1"},"canonical":"https:\/\/www.c4trio.com\/en\/de-repente-a-c4-trio-y-rafael-pollo-brito-se-les-ocurrio-hacer-un-show-en-bod\/","og_locale":"en_US","og_type":"article","og_title":"De Repente a C4 Tr\u00edo y Rafael \u201cPollo\u201d Brito se les ocurri\u00f3 hacer un show en BOD - C4 Tr\u00edo","og_description":"Luego de la exitosa gira que los llevara por 11 ciudades del pa\u00eds, C4 Tr\u00edo y El Pollo Brito vuelven a unirse para realizar 2 conciertos \u00edntimos en Caracas. Caracas, 11 de junio de 2014-. El ensamble nominado al Grammy Latino C4 Tr\u00edo y el...","og_url":"https:\/\/www.c4trio.com\/en\/de-repente-a-c4-trio-y-rafael-pollo-brito-se-les-ocurrio-hacer-un-show-en-bod\/","og_site_name":"C4 Tr\u00edo","article_publisher":"https:\/\/www.facebook.com\/profile.php?id=100050537467192","article_published_time":"2014-06-16T18:19:16+00:00","author":"josuar_umbrella","twitter_card":"summary_large_image","twitter_creator":"@c4trio","twitter_site":"@c4trio","twitter_misc":{"Written by":"josuar_umbrella","Est. reading time":"3 minutes"},"schema":{"@context":"https:\/\/schema.org","@graph":[{"@type":"Article","@id":"https:\/\/www.c4trio.com\/de-repente-a-c4-trio-y-rafael-pollo-brito-se-les-ocurrio-hacer-un-show-en-bod\/#article","isPartOf":{"@id":"https:\/\/www.c4trio.com\/de-repente-a-c4-trio-y-rafael-pollo-brito-se-les-ocurrio-hacer-un-show-en-bod\/"},"author":{"name":"josuar_umbrella","@id":"https:\/\/www.c4trio.com\/#\/schema\/person\/34827e0df8bd01ccb69a0da8c48487ed"},"headline":"De Repente a C4 Tr\u00edo y Rafael \u201cPollo\u201d Brito se les ocurri\u00f3 hacer un show en BOD","datePublished":"2014-06-16T18:19:16+00:00","mainEntityOfPage":{"@id":"https:\/\/www.c4trio.com\/de-repente-a-c4-trio-y-rafael-pollo-brito-se-les-ocurrio-hacer-un-show-en-bod\/"},"wordCount":649,"commentCount":0,"publisher":{"@id":"https:\/\/www.c4trio.com\/#organization"},"image":{"@id":"https:\/\/www.c4trio.com\/de-repente-a-c4-trio-y-rafael-pollo-brito-se-les-ocurrio-hacer-un-show-en-bod\/#primaryimage"},"thumbnailUrl":"","articleSection":["Noticias"],"inLanguage":"en-US","potentialAction":[{"@type":"CommentAction","name":"Comment","target":["https:\/\/www.c4trio.com\/de-repente-a-c4-trio-y-rafael-pollo-brito-se-les-ocurrio-hacer-un-show-en-bod\/#respond"]}]},{"@type":"WebPage","@id":"https:\/\/www.c4trio.com\/de-repente-a-c4-trio-y-rafael-pollo-brito-se-les-ocurrio-hacer-un-show-en-bod\/","url":"https:\/\/www.c4trio.com\/de-repente-a-c4-trio-y-rafael-pollo-brito-se-les-ocurrio-hacer-un-show-en-bod\/","name":"De Repente a C4 Tr\u00edo y Rafael \u201cPollo\u201d Brito se les ocurri\u00f3 hacer un show en BOD - C4 Tr\u00edo","isPartOf":{"@id":"https:\/\/www.c4trio.com\/#website"},"primaryImageOfPage":{"@id":"https:\/\/www.c4trio.com\/de-repente-a-c4-trio-y-rafael-pollo-brito-se-les-ocurrio-hacer-un-show-en-bod\/#primaryimage"},"image":{"@id":"https:\/\/www.c4trio.com\/de-repente-a-c4-trio-y-rafael-pollo-brito-se-les-ocurrio-hacer-un-show-en-bod\/#primaryimage"},"thumbnailUrl":"","datePublished":"2014-06-16T18:19:16+00:00","breadcrumb":{"@id":"https:\/\/www.c4trio.com\/de-repente-a-c4-trio-y-rafael-pollo-brito-se-les-ocurrio-hacer-un-show-en-bod\/#breadcrumb"},"inLanguage":"en-US","potentialAction":[{"@type":"ReadAction","target":["https:\/\/www.c4trio.com\/de-repente-a-c4-trio-y-rafael-pollo-brito-se-les-ocurrio-hacer-un-show-en-bod\/"]}]},{"@type":"ImageObject","inLanguage":"en-US","@id":"https:\/\/www.c4trio.com\/de-repente-a-c4-trio-y-rafael-pollo-brito-se-les-ocurrio-hacer-un-show-en-bod\/#primaryimage","url":"","contentUrl":""},{"@type":"BreadcrumbList","@id":"https:\/\/www.c4trio.com\/de-repente-a-c4-trio-y-rafael-pollo-brito-se-les-ocurrio-hacer-un-show-en-bod\/#breadcrumb","itemListElement":[{"@type":"ListItem","position":1,"name":"Portada","item":"https:\/\/www.c4trio.com\/"},{"@type":"ListItem","position":2,"name":"De Repente a C4 Tr\u00edo y Rafael \u201cPollo\u201d Brito se les ocurri\u00f3 hacer un show en BOD"}]},{"@type":"WebSite","@id":"https:\/\/www.c4trio.com\/#website","url":"https:\/\/www.c4trio.com\/","name":"C4 Trio","description":"P\u00e1gina Oficial","publisher":{"@id":"https:\/\/www.c4trio.com\/#organization"},"potentialAction":[{"@type":"SearchAction","target":{"@type":"EntryPoint","urlTemplate":"https:\/\/www.c4trio.com\/?s={search_term_string}"},"query-input":{"@type":"PropertyValueSpecification","valueRequired":true,"valueName":"search_term_string"}}],"inLanguage":"en-US"},{"@type":"Organization","@id":"https:\/\/www.c4trio.com\/#organization","name":"C4 Trio","url":"https:\/\/www.c4trio.com\/","logo":{"@type":"ImageObject","inLanguage":"en-US","@id":"https:\/\/www.c4trio.com\/#\/schema\/logo\/image\/","url":"https:\/\/www.c4trio.com\/wp-content\/uploads\/2016\/09\/logo.png","contentUrl":"https:\/\/www.c4trio.com\/wp-content\/uploads\/2016\/09\/logo.png","width":365,"height":80,"caption":"C4 Tr\u00edo"},"image":{"@id":"https:\/\/www.c4trio.com\/#\/schema\/logo\/image\/"},"sameAs":["https:\/\/www.facebook.com\/profile.php?id=100050537467192","https:\/\/x.com\/c4trio","https:\/\/www.instagram.com\/c4trio"]},{"@type":"Person","@id":"https:\/\/www.c4trio.com\/#\/schema\/person\/34827e0df8bd01ccb69a0da8c48487ed","name":"josuar_umbrella","image":{"@type":"ImageObject","inLanguage":"en-US","@id":"https:\/\/www.c4trio.com\/#\/schema\/person\/image\/","url":"https:\/\/secure.gravatar.com\/avatar\/d5546336be5d9d70d3a439237c09c9921c6569aad089976128d970ff59c770fe?s=96&d=mm&r=g","contentUrl":"https:\/\/secure.gravatar.com\/avatar\/d5546336be5d9d70d3a439237c09c9921c6569aad089976128d970ff59c770fe?s=96&d=mm&r=g","caption":"josuar_umbrella"},"sameAs":["https:\/\/josuarochoa.com\/c4trio"],"url":"https:\/\/www.c4trio.com\/en\/author\/josuar_umbrella\/"}]}},"_links":{"self":[{"href":"https:\/\/www.c4trio.com\/en\/wp-json\/wp\/v2\/posts\/793","targetHints":{"allow":["GET"]}}],"collection":[{"href":"https:\/\/www.c4trio.com\/en\/wp-json\/wp\/v2\/posts"}],"about":[{"href":"https:\/\/www.c4trio.com\/en\/wp-json\/wp\/v2\/types\/post"}],"author":[{"embeddable":true,"href":"https:\/\/www.c4trio.com\/en\/wp-json\/wp\/v2\/users\/1"}],"replies":[{"embeddable":true,"href":"https:\/\/www.c4trio.com\/en\/wp-json\/wp\/v2\/comments?post=793"}],"version-history":[{"count":0,"href":"https:\/\/www.c4trio.com\/en\/wp-json\/wp\/v2\/posts\/793\/revisions"}],"wp:featuredmedia":[{"embeddable":true,"href":"https:\/\/www.c4trio.com\/en\/wp-json\/"}],"wp:attachment":[{"href":"https:\/\/www.c4trio.com\/en\/wp-json\/wp\/v2\/media?parent=793"}],"wp:term":[{"taxonomy":"category","embeddable":true,"href":"https:\/\/www.c4trio.com\/en\/wp-json\/wp\/v2\/categories?post=793"},{"taxonomy":"post_tag","embeddable":true,"href":"https:\/\/www.c4trio.com\/en\/wp-json\/wp\/v2\/tags?post=793"}],"curies":[{"name":"wp","href":"https:\/\/api.w.org\/{rel}","templated":true}]}}