{"id":736,"date":"2014-04-27T23:01:51","date_gmt":"2014-04-27T23:01:51","guid":{"rendered":"http:\/\/c4trio.com\/site\/?p=736"},"modified":"2014-04-27T23:01:51","modified_gmt":"2014-04-27T23:01:51","slug":"la-siembra-del-cuatro-cumplio-10-anos","status":"publish","type":"post","link":"https:\/\/www.c4trio.com\/en\/la-siembra-del-cuatro-cumplio-10-anos\/","title":{"rendered":"La Siembra del Cuatro cumpli\u00f3 10 a\u00f1os."},"content":{"rendered":"<div>\n<div>\n<p><span style=\"line-height: 1.5em;\"><img decoding=\"async\" alt=\"\" src=\"webkit-fake-url:\/\/B68D1833-DD86-4210-AA00-69DF15D026F1\/image.tiff\" \/><\/span><\/p>\n<p><span style=\"line-height: 1.5em;\">EL UNIVERSAL<\/span><\/p>\n<\/div>\n<div>jueves 3 de abril de 2014\u00a0\u00a004:22 PM<\/div>\n<\/div>\n<div>\n<p>La riqueza del instrumento nacional ha alcanzado enorme proyecci\u00f3n en los \u00faltimos a\u00f1os impulsado por iniciativa con La Siembra del Cuatro, evento de enorme proyecci\u00f3n y \u00e9xito que, este 4 de abril arriba a su primera d\u00e9cada.<\/p>\n<p>Para celebrarlo, la Fundaci\u00f3n Guayana Es&#8230;, promotora del evento desde sus inicios,\u00a0 ha programado un Concierto por la Paz que el 4 de abril, a las 7:00 p.m. reunir\u00e1, alrededor del cuatro venezolano, a un grupo de grandes instrumentistas que incluye a ganadores de las ediciones anteriores del cert\u00e1men, participante de Guayana y todo el Oriente del pa\u00eds (Bol\u00edvar, Anzo\u00e1tegui, Sucre y Nueva Esparta), as\u00ed como otros artistas del canto.<\/p>\n<p>El Teatro Angostura, de Ciudad Bol\u00edvar, es el espacio escogido para este concierto que celebra la versatilidad de nuestro cuatro y que da inicio a las actividades 2014 de este festival, creado por el Maestro Cheo Hurtado que este a\u00f1o tendr\u00e1 car\u00e1cter participativo, no competitivo. San Crist\u00f3bal, Barquisimeto y Caracas son las ciudades que, en los pr\u00f3ximos meses, albergar\u00e1n el evento.<\/p>\n<p>\u00abEn el mes de mayo del 2013 se dio inicio al proceso para la Declaratoria Nacional del Cuatro como Instrumento Musical Venezolano, iniciativa que adelanta el Ministerio de la Cultura, conjuntamente con el Instituto del Patrimonio Cultural. La edici\u00f3n 2013 de nuestro festival form\u00f3 parte de estas actividades. Asimismo resaltamos que el estado Bol\u00edvar, en cuatro oportunidades, ha logrado que participantes de esta regi\u00f3n alcanzaran el primer lugar, convirti\u00e9ndonos en la potencia cuatr\u00edstica de Venezuela\u00bb, comenta Hurtado.<\/p>\n<p><strong>Cosecha de grandes talentos<\/strong><\/p>\n<p>La Siembra del Cuatro, concebido y dirigido por el Maestro Cheo Hurtado,\u00a0 ha sido terreno fertil para una inmejorable cosecha de instrumentistas que, tras su participaci\u00f3n en el evento, cuya primera edici\u00f3n se celebr\u00f3 en 2004, han emprendido su carrera musical, bien sea como solista o como acompa\u00f1ante.<\/p>\n<p>Carlos Capacho, oriundo de Puerto Ordaz, gan\u00f3 con 15 a\u00f1os de edad la primera edici\u00f3n del evento, celebrada en julio de 2004. Hoy brilla con su talento en el Berkllee College de Boston, formando parte del cuadro de honor de ese prestigioso instituto. Reconocido por haber introducido en sus conciertos el cuatro el\u00e9ctrico, antes de salir a perfeccionar sus estudios musicales en el exterior, dirigi\u00f3 la c\u00e1tedra de cuatro en el Conservatorio Sim\u00f3n Bol\u00edvar, la c\u00e1tedra de m\u00fasica venezolana y dirige la Orquesta de M\u00fasica Venezolana Sim\u00f3n Bol\u00edvar del Sistema Nacional de Orquestas.<\/p>\n<p>Jorge Glem, entretanto, proveniente de Cuman\u00e1, ganador de la segunda edici\u00f3n del concurso, realizada en noviembre de 2005, es uno de los instrumentistas de mayor proyecci\u00f3n del pa\u00eds, trascendiendo fronteras con su virtuosismo y creatividad, que lo ha llevado a explorar las posibilidades del cuatro en g\u00e9neros como el jazz.<\/p>\n<p>Invitado frecuente de grandes solistas internacionales, consolidada su carrera solista en paralelo a la ascendente carrera de C4 Tr\u00edo, agrupaci\u00f3n que fund\u00f3 en 2005 junto a Edward Ram\u00edrez (tercer lugar en la primera y segunda edici\u00f3n del evento) y H\u00e9ctor Molina (clasificado en la primera versi\u00f3n), cuyos talentos se unieron a partir de su participaci\u00f3n en La Siembra del Cuatro y que hoy ven sus frutos con una nominaci\u00f3n al Grammy Latino.<\/p>\n<p>Miguel Siso, otro concursante nacido en el estado Bol\u00edvar, ganador del tercer concurso, celebrado en noviembre de 2007, tambi\u00e9n ha destacado como solista y acompa\u00f1ante de grandes artistas. Algo similar ocurre con Nelson Gonz\u00e1lez, de Valencia, primer lugar en la cuarta edici\u00f3n del concurso, realizada en diciembre de 2012, lanz\u00f3 al mercado su primer disco solista donde muestra su gusto y talento para los m\u00e1s diversos g\u00e9neros de la m\u00fasica nacional.<\/p>\n<p>Daniel Requena, nacido en Matur\u00edn, gan\u00f3 la edici\u00f3n 2013 y desarrolla una ascendente carrera con su agrupaci\u00f3n Guasak4 que lo ha llevado a lanzar en 2013 un primer CD, Sabor Guasak, y a empreder giras internacionales.<\/p>\n<p>Albert Hern\u00e1ndez, Roney Silva y Jos\u00e9 Luis Lara, ganadodes del primer lugar en la edici\u00f3n 2004, 2005 y 2007 del certamen, respectivamente; Liceth Hern\u00e1ndez, ganadora del concurso en 2004 en la categor\u00eda femenina; Luis Pino, H\u00e9ctor Medina y Leonidas Rond\u00f3n, son otros de los muchos talentos emergidos de este evento.<\/p>\n<\/div>","protected":false},"excerpt":{"rendered":"<p>EL UNIVERSAL jueves 3 de abril de 2014\u00a0\u00a004:22 PM La riqueza del instrumento nacional ha alcanzado enorme proyecci\u00f3n en los \u00faltimos a\u00f1os impulsado por iniciativa con La Siembra del Cuatro, evento de enorme proyecci\u00f3n y \u00e9xito que, este 4 de abril arriba a su primera&#8230;<\/p>","protected":false},"author":1,"featured_media":737,"comment_status":"open","ping_status":"open","sticky":false,"template":"","format":"standard","meta":{"footnotes":""},"categories":[6],"tags":[],"class_list":["post-736","post","type-post","status-publish","format-standard","has-post-thumbnail","hentry","category-noticias-es"],"yoast_head":"<!-- This site is optimized with the Yoast SEO plugin v27.1.1 - https:\/\/yoast.com\/product\/yoast-seo-wordpress\/ -->\n<title>La Siembra del Cuatro cumpli\u00f3 10 a\u00f1os. - C4 Tr\u00edo<\/title>\n<meta name=\"robots\" content=\"index, follow, max-snippet:-1, max-image-preview:large, max-video-preview:-1\" \/>\n<link rel=\"canonical\" href=\"https:\/\/www.c4trio.com\/en\/la-siembra-del-cuatro-cumplio-10-anos\/\" \/>\n<meta property=\"og:locale\" content=\"en_US\" \/>\n<meta property=\"og:type\" content=\"article\" \/>\n<meta property=\"og:title\" content=\"La Siembra del Cuatro cumpli\u00f3 10 a\u00f1os. - C4 Tr\u00edo\" \/>\n<meta property=\"og:description\" content=\"EL UNIVERSAL jueves 3 de abril de 2014\u00a0\u00a004:22 PM La riqueza del instrumento nacional ha alcanzado enorme proyecci\u00f3n en los \u00faltimos a\u00f1os impulsado por iniciativa con La Siembra del Cuatro, evento de enorme proyecci\u00f3n y \u00e9xito que, este 4 de abril arriba a su primera...\" \/>\n<meta property=\"og:url\" content=\"https:\/\/www.c4trio.com\/en\/la-siembra-del-cuatro-cumplio-10-anos\/\" \/>\n<meta property=\"og:site_name\" content=\"C4 Tr\u00edo\" \/>\n<meta property=\"article:publisher\" content=\"https:\/\/www.facebook.com\/profile.php?id=100050537467192\" \/>\n<meta property=\"article:published_time\" content=\"2014-04-27T23:01:51+00:00\" \/>\n<meta name=\"author\" content=\"josuar_umbrella\" \/>\n<meta name=\"twitter:card\" content=\"summary_large_image\" \/>\n<meta name=\"twitter:creator\" content=\"@c4trio\" \/>\n<meta name=\"twitter:site\" content=\"@c4trio\" \/>\n<meta name=\"twitter:label1\" content=\"Written by\" \/>\n\t<meta name=\"twitter:data1\" content=\"josuar_umbrella\" \/>\n\t<meta name=\"twitter:label2\" content=\"Est. reading time\" \/>\n\t<meta name=\"twitter:data2\" content=\"4 minutes\" \/>\n<script type=\"application\/ld+json\" class=\"yoast-schema-graph\">{\"@context\":\"https:\/\/schema.org\",\"@graph\":[{\"@type\":\"Article\",\"@id\":\"https:\/\/www.c4trio.com\/la-siembra-del-cuatro-cumplio-10-anos\/#article\",\"isPartOf\":{\"@id\":\"https:\/\/www.c4trio.com\/la-siembra-del-cuatro-cumplio-10-anos\/\"},\"author\":{\"name\":\"josuar_umbrella\",\"@id\":\"https:\/\/www.c4trio.com\/#\/schema\/person\/34827e0df8bd01ccb69a0da8c48487ed\"},\"headline\":\"La Siembra del Cuatro cumpli\u00f3 10 a\u00f1os.\",\"datePublished\":\"2014-04-27T23:01:51+00:00\",\"mainEntityOfPage\":{\"@id\":\"https:\/\/www.c4trio.com\/la-siembra-del-cuatro-cumplio-10-anos\/\"},\"wordCount\":728,\"commentCount\":0,\"publisher\":{\"@id\":\"https:\/\/www.c4trio.com\/#organization\"},\"image\":{\"@id\":\"https:\/\/www.c4trio.com\/la-siembra-del-cuatro-cumplio-10-anos\/#primaryimage\"},\"thumbnailUrl\":\"\",\"articleSection\":[\"Noticias\"],\"inLanguage\":\"en-US\",\"potentialAction\":[{\"@type\":\"CommentAction\",\"name\":\"Comment\",\"target\":[\"https:\/\/www.c4trio.com\/la-siembra-del-cuatro-cumplio-10-anos\/#respond\"]}]},{\"@type\":\"WebPage\",\"@id\":\"https:\/\/www.c4trio.com\/la-siembra-del-cuatro-cumplio-10-anos\/\",\"url\":\"https:\/\/www.c4trio.com\/la-siembra-del-cuatro-cumplio-10-anos\/\",\"name\":\"La Siembra del Cuatro cumpli\u00f3 10 a\u00f1os. - C4 Tr\u00edo\",\"isPartOf\":{\"@id\":\"https:\/\/www.c4trio.com\/#website\"},\"primaryImageOfPage\":{\"@id\":\"https:\/\/www.c4trio.com\/la-siembra-del-cuatro-cumplio-10-anos\/#primaryimage\"},\"image\":{\"@id\":\"https:\/\/www.c4trio.com\/la-siembra-del-cuatro-cumplio-10-anos\/#primaryimage\"},\"thumbnailUrl\":\"\",\"datePublished\":\"2014-04-27T23:01:51+00:00\",\"breadcrumb\":{\"@id\":\"https:\/\/www.c4trio.com\/la-siembra-del-cuatro-cumplio-10-anos\/#breadcrumb\"},\"inLanguage\":\"en-US\",\"potentialAction\":[{\"@type\":\"ReadAction\",\"target\":[\"https:\/\/www.c4trio.com\/la-siembra-del-cuatro-cumplio-10-anos\/\"]}]},{\"@type\":\"ImageObject\",\"inLanguage\":\"en-US\",\"@id\":\"https:\/\/www.c4trio.com\/la-siembra-del-cuatro-cumplio-10-anos\/#primaryimage\",\"url\":\"\",\"contentUrl\":\"\"},{\"@type\":\"BreadcrumbList\",\"@id\":\"https:\/\/www.c4trio.com\/la-siembra-del-cuatro-cumplio-10-anos\/#breadcrumb\",\"itemListElement\":[{\"@type\":\"ListItem\",\"position\":1,\"name\":\"Portada\",\"item\":\"https:\/\/www.c4trio.com\/\"},{\"@type\":\"ListItem\",\"position\":2,\"name\":\"La Siembra del Cuatro cumpli\u00f3 10 a\u00f1os.\"}]},{\"@type\":\"WebSite\",\"@id\":\"https:\/\/www.c4trio.com\/#website\",\"url\":\"https:\/\/www.c4trio.com\/\",\"name\":\"C4 Tr\u00edo\",\"description\":\"P\u00e1gina Oficial\",\"publisher\":{\"@id\":\"https:\/\/www.c4trio.com\/#organization\"},\"potentialAction\":[{\"@type\":\"SearchAction\",\"target\":{\"@type\":\"EntryPoint\",\"urlTemplate\":\"https:\/\/www.c4trio.com\/?s={search_term_string}\"},\"query-input\":{\"@type\":\"PropertyValueSpecification\",\"valueRequired\":true,\"valueName\":\"search_term_string\"}}],\"inLanguage\":\"en-US\"},{\"@type\":\"Organization\",\"@id\":\"https:\/\/www.c4trio.com\/#organization\",\"name\":\"C4 Tr\u00edo\",\"url\":\"https:\/\/www.c4trio.com\/\",\"logo\":{\"@type\":\"ImageObject\",\"inLanguage\":\"en-US\",\"@id\":\"https:\/\/www.c4trio.com\/#\/schema\/logo\/image\/\",\"url\":\"https:\/\/www.c4trio.com\/wp-content\/uploads\/2016\/09\/logo.png\",\"contentUrl\":\"https:\/\/www.c4trio.com\/wp-content\/uploads\/2016\/09\/logo.png\",\"width\":365,\"height\":80,\"caption\":\"C4 Tr\u00edo\"},\"image\":{\"@id\":\"https:\/\/www.c4trio.com\/#\/schema\/logo\/image\/\"},\"sameAs\":[\"https:\/\/www.facebook.com\/profile.php?id=100050537467192\",\"https:\/\/x.com\/c4trio\",\"https:\/\/www.instagram.com\/c4trio\"]},{\"@type\":\"Person\",\"@id\":\"https:\/\/www.c4trio.com\/#\/schema\/person\/34827e0df8bd01ccb69a0da8c48487ed\",\"name\":\"josuar_umbrella\",\"image\":{\"@type\":\"ImageObject\",\"inLanguage\":\"en-US\",\"@id\":\"https:\/\/www.c4trio.com\/#\/schema\/person\/image\/\",\"url\":\"https:\/\/secure.gravatar.com\/avatar\/d5546336be5d9d70d3a439237c09c9921c6569aad089976128d970ff59c770fe?s=96&d=mm&r=g\",\"contentUrl\":\"https:\/\/secure.gravatar.com\/avatar\/d5546336be5d9d70d3a439237c09c9921c6569aad089976128d970ff59c770fe?s=96&d=mm&r=g\",\"caption\":\"josuar_umbrella\"},\"sameAs\":[\"https:\/\/josuarochoa.com\/c4trio\"],\"url\":\"https:\/\/www.c4trio.com\/en\/author\/josuar_umbrella\/\"}]}<\/script>\n<!-- \/ Yoast SEO plugin. -->","yoast_head_json":{"title":"La Siembra del Cuatro cumpli\u00f3 10 a\u00f1os. - C4 Tr\u00edo","robots":{"index":"index","follow":"follow","max-snippet":"max-snippet:-1","max-image-preview":"max-image-preview:large","max-video-preview":"max-video-preview:-1"},"canonical":"https:\/\/www.c4trio.com\/en\/la-siembra-del-cuatro-cumplio-10-anos\/","og_locale":"en_US","og_type":"article","og_title":"La Siembra del Cuatro cumpli\u00f3 10 a\u00f1os. - C4 Tr\u00edo","og_description":"EL UNIVERSAL jueves 3 de abril de 2014\u00a0\u00a004:22 PM La riqueza del instrumento nacional ha alcanzado enorme proyecci\u00f3n en los \u00faltimos a\u00f1os impulsado por iniciativa con La Siembra del Cuatro, evento de enorme proyecci\u00f3n y \u00e9xito que, este 4 de abril arriba a su primera...","og_url":"https:\/\/www.c4trio.com\/en\/la-siembra-del-cuatro-cumplio-10-anos\/","og_site_name":"C4 Tr\u00edo","article_publisher":"https:\/\/www.facebook.com\/profile.php?id=100050537467192","article_published_time":"2014-04-27T23:01:51+00:00","author":"josuar_umbrella","twitter_card":"summary_large_image","twitter_creator":"@c4trio","twitter_site":"@c4trio","twitter_misc":{"Written by":"josuar_umbrella","Est. reading time":"4 minutes"},"schema":{"@context":"https:\/\/schema.org","@graph":[{"@type":"Article","@id":"https:\/\/www.c4trio.com\/la-siembra-del-cuatro-cumplio-10-anos\/#article","isPartOf":{"@id":"https:\/\/www.c4trio.com\/la-siembra-del-cuatro-cumplio-10-anos\/"},"author":{"name":"josuar_umbrella","@id":"https:\/\/www.c4trio.com\/#\/schema\/person\/34827e0df8bd01ccb69a0da8c48487ed"},"headline":"La Siembra del Cuatro cumpli\u00f3 10 a\u00f1os.","datePublished":"2014-04-27T23:01:51+00:00","mainEntityOfPage":{"@id":"https:\/\/www.c4trio.com\/la-siembra-del-cuatro-cumplio-10-anos\/"},"wordCount":728,"commentCount":0,"publisher":{"@id":"https:\/\/www.c4trio.com\/#organization"},"image":{"@id":"https:\/\/www.c4trio.com\/la-siembra-del-cuatro-cumplio-10-anos\/#primaryimage"},"thumbnailUrl":"","articleSection":["Noticias"],"inLanguage":"en-US","potentialAction":[{"@type":"CommentAction","name":"Comment","target":["https:\/\/www.c4trio.com\/la-siembra-del-cuatro-cumplio-10-anos\/#respond"]}]},{"@type":"WebPage","@id":"https:\/\/www.c4trio.com\/la-siembra-del-cuatro-cumplio-10-anos\/","url":"https:\/\/www.c4trio.com\/la-siembra-del-cuatro-cumplio-10-anos\/","name":"La Siembra del Cuatro cumpli\u00f3 10 a\u00f1os. - C4 Tr\u00edo","isPartOf":{"@id":"https:\/\/www.c4trio.com\/#website"},"primaryImageOfPage":{"@id":"https:\/\/www.c4trio.com\/la-siembra-del-cuatro-cumplio-10-anos\/#primaryimage"},"image":{"@id":"https:\/\/www.c4trio.com\/la-siembra-del-cuatro-cumplio-10-anos\/#primaryimage"},"thumbnailUrl":"","datePublished":"2014-04-27T23:01:51+00:00","breadcrumb":{"@id":"https:\/\/www.c4trio.com\/la-siembra-del-cuatro-cumplio-10-anos\/#breadcrumb"},"inLanguage":"en-US","potentialAction":[{"@type":"ReadAction","target":["https:\/\/www.c4trio.com\/la-siembra-del-cuatro-cumplio-10-anos\/"]}]},{"@type":"ImageObject","inLanguage":"en-US","@id":"https:\/\/www.c4trio.com\/la-siembra-del-cuatro-cumplio-10-anos\/#primaryimage","url":"","contentUrl":""},{"@type":"BreadcrumbList","@id":"https:\/\/www.c4trio.com\/la-siembra-del-cuatro-cumplio-10-anos\/#breadcrumb","itemListElement":[{"@type":"ListItem","position":1,"name":"Portada","item":"https:\/\/www.c4trio.com\/"},{"@type":"ListItem","position":2,"name":"La Siembra del Cuatro cumpli\u00f3 10 a\u00f1os."}]},{"@type":"WebSite","@id":"https:\/\/www.c4trio.com\/#website","url":"https:\/\/www.c4trio.com\/","name":"C4 Trio","description":"P\u00e1gina Oficial","publisher":{"@id":"https:\/\/www.c4trio.com\/#organization"},"potentialAction":[{"@type":"SearchAction","target":{"@type":"EntryPoint","urlTemplate":"https:\/\/www.c4trio.com\/?s={search_term_string}"},"query-input":{"@type":"PropertyValueSpecification","valueRequired":true,"valueName":"search_term_string"}}],"inLanguage":"en-US"},{"@type":"Organization","@id":"https:\/\/www.c4trio.com\/#organization","name":"C4 Trio","url":"https:\/\/www.c4trio.com\/","logo":{"@type":"ImageObject","inLanguage":"en-US","@id":"https:\/\/www.c4trio.com\/#\/schema\/logo\/image\/","url":"https:\/\/www.c4trio.com\/wp-content\/uploads\/2016\/09\/logo.png","contentUrl":"https:\/\/www.c4trio.com\/wp-content\/uploads\/2016\/09\/logo.png","width":365,"height":80,"caption":"C4 Tr\u00edo"},"image":{"@id":"https:\/\/www.c4trio.com\/#\/schema\/logo\/image\/"},"sameAs":["https:\/\/www.facebook.com\/profile.php?id=100050537467192","https:\/\/x.com\/c4trio","https:\/\/www.instagram.com\/c4trio"]},{"@type":"Person","@id":"https:\/\/www.c4trio.com\/#\/schema\/person\/34827e0df8bd01ccb69a0da8c48487ed","name":"josuar_umbrella","image":{"@type":"ImageObject","inLanguage":"en-US","@id":"https:\/\/www.c4trio.com\/#\/schema\/person\/image\/","url":"https:\/\/secure.gravatar.com\/avatar\/d5546336be5d9d70d3a439237c09c9921c6569aad089976128d970ff59c770fe?s=96&d=mm&r=g","contentUrl":"https:\/\/secure.gravatar.com\/avatar\/d5546336be5d9d70d3a439237c09c9921c6569aad089976128d970ff59c770fe?s=96&d=mm&r=g","caption":"josuar_umbrella"},"sameAs":["https:\/\/josuarochoa.com\/c4trio"],"url":"https:\/\/www.c4trio.com\/en\/author\/josuar_umbrella\/"}]}},"_links":{"self":[{"href":"https:\/\/www.c4trio.com\/en\/wp-json\/wp\/v2\/posts\/736","targetHints":{"allow":["GET"]}}],"collection":[{"href":"https:\/\/www.c4trio.com\/en\/wp-json\/wp\/v2\/posts"}],"about":[{"href":"https:\/\/www.c4trio.com\/en\/wp-json\/wp\/v2\/types\/post"}],"author":[{"embeddable":true,"href":"https:\/\/www.c4trio.com\/en\/wp-json\/wp\/v2\/users\/1"}],"replies":[{"embeddable":true,"href":"https:\/\/www.c4trio.com\/en\/wp-json\/wp\/v2\/comments?post=736"}],"version-history":[{"count":0,"href":"https:\/\/www.c4trio.com\/en\/wp-json\/wp\/v2\/posts\/736\/revisions"}],"wp:featuredmedia":[{"embeddable":true,"href":"https:\/\/www.c4trio.com\/en\/wp-json\/"}],"wp:attachment":[{"href":"https:\/\/www.c4trio.com\/en\/wp-json\/wp\/v2\/media?parent=736"}],"wp:term":[{"taxonomy":"category","embeddable":true,"href":"https:\/\/www.c4trio.com\/en\/wp-json\/wp\/v2\/categories?post=736"},{"taxonomy":"post_tag","embeddable":true,"href":"https:\/\/www.c4trio.com\/en\/wp-json\/wp\/v2\/tags?post=736"}],"curies":[{"name":"wp","href":"https:\/\/api.w.org\/{rel}","templated":true}]}}