{"id":604,"date":"2013-10-09T19:46:45","date_gmt":"2013-10-09T19:46:45","guid":{"rendered":"http:\/\/c4trio.com\/site\/?p=604"},"modified":"2013-10-09T19:46:45","modified_gmt":"2013-10-09T19:46:45","slug":"c4-trio-y-gualberto-ibarreto-nominados-al-grammy-latino","status":"publish","type":"post","link":"https:\/\/www.c4trio.com\/en\/c4-trio-y-gualberto-ibarreto-nominados-al-grammy-latino\/","title":{"rendered":"C4 Tr\u00edo y Gualberto Ibarreto nominados al Grammy  Latino"},"content":{"rendered":"<p><a href=\"http:\/\/c4trio.com\/site\/wp-content\/uploads\/2013\/10\/Img0039.jpg\"><img loading=\"lazy\" decoding=\"async\" class=\"aligncenter size-large wp-image-606\" alt=\"Img0039\" src=\"http:\/\/c4trio.com\/site\/wp-content\/uploads\/2013\/10\/Img0039-600x380.jpg\" width=\"600\" height=\"380\" \/><\/a><br \/>\nLa producci\u00f3n cont\u00f3 con el apoyo de la Fundaci\u00f3n Seguros Caracas e incluye temas ic\u00f3nicos popularizados por \u201cEl Pich\u00f3n\u201d y dos piezas instrumentales<\/p>\n<p>Caracas, 14 de octubre de 2013-. La agrupaci\u00f3n C4 Tr\u00edo y el ic\u00f3nico cantante Gualberto Ibarreto resultaron nominados a los Latin Grammy 2013 por su producci\u00f3n en conjunto Gualberto + C4.<\/p>\n<p>El disco sali\u00f3 al mercado en noviembre del 2012, con un bautizo a casa llena en el teatro Teresa Carre\u00f1o de Caracas e incluye temas ic\u00f3nicos popularizados por \u201cEl Pich\u00f3n\u201d como \u201cPresagio\u201d, \u201cLa Carta\u201d, \u201cGu\u00e1cara\u201d y \u201cAnhelante\u201d, as\u00ed como dos temas instrumentales: \u201cZumbacumlaude\u201d y \u201cLas dos Luisas\u201d. La producci\u00f3n es un homenaje al trabajo de Gualberto y de compositores como el Pollo Sifontes, Enrique Hidalgo.<\/p>\n<p>La ceremonia de los Latin Grammys 2013 se celebrar\u00e1 en la ciudad de Las Vegas el 21 de noviembre, cuando C4 Tr\u00edo y Gualberto Ibarreto tendr\u00e1n la oportunidad de dejar en alto una vez m\u00e1s la tradici\u00f3n venezolana y la m\u00fasica de calidad hecha en Venezuela.<\/p>\n<p>Actualmente, C4 Tr\u00edo se encuentra de gira por Venezuela junto a Rafael \u201cPollo\u201d Brito con el tour \u201cSeguros de lo Nuestro\u201d. M\u00e1s informaci\u00f3n a trav\u00e9s del twitter @c4trio.<\/p>","protected":false},"excerpt":{"rendered":"<p>La producci\u00f3n cont\u00f3 con el apoyo de la Fundaci\u00f3n Seguros Caracas e incluye temas ic\u00f3nicos popularizados por \u201cEl Pich\u00f3n\u201d y dos piezas instrumentales Caracas, 14 de octubre de 2013-. La agrupaci\u00f3n C4 Tr\u00edo y el ic\u00f3nico cantante Gualberto Ibarreto resultaron nominados a los Latin Grammy&#8230;<\/p>","protected":false},"author":2,"featured_media":606,"comment_status":"open","ping_status":"open","sticky":false,"template":"","format":"standard","meta":{"footnotes":""},"categories":[6],"tags":[],"class_list":["post-604","post","type-post","status-publish","format-standard","has-post-thumbnail","hentry","category-noticias-es"],"yoast_head":"<!-- This site is optimized with the Yoast SEO plugin v27.1.1 - https:\/\/yoast.com\/product\/yoast-seo-wordpress\/ -->\n<title>C4 Tr\u00edo y Gualberto Ibarreto nominados al Grammy Latino - C4 Tr\u00edo<\/title>\n<meta name=\"robots\" content=\"index, follow, max-snippet:-1, max-image-preview:large, max-video-preview:-1\" \/>\n<link rel=\"canonical\" href=\"https:\/\/www.c4trio.com\/en\/c4-trio-y-gualberto-ibarreto-nominados-al-grammy-latino\/\" \/>\n<meta property=\"og:locale\" content=\"en_US\" \/>\n<meta property=\"og:type\" content=\"article\" \/>\n<meta property=\"og:title\" content=\"C4 Tr\u00edo y Gualberto Ibarreto nominados al Grammy Latino - C4 Tr\u00edo\" \/>\n<meta property=\"og:description\" content=\"La producci\u00f3n cont\u00f3 con el apoyo de la Fundaci\u00f3n Seguros Caracas e incluye temas ic\u00f3nicos popularizados por \u201cEl Pich\u00f3n\u201d y dos piezas instrumentales Caracas, 14 de octubre de 2013-. La agrupaci\u00f3n C4 Tr\u00edo y el ic\u00f3nico cantante Gualberto Ibarreto resultaron nominados a los Latin Grammy...\" \/>\n<meta property=\"og:url\" content=\"https:\/\/www.c4trio.com\/en\/c4-trio-y-gualberto-ibarreto-nominados-al-grammy-latino\/\" \/>\n<meta property=\"og:site_name\" content=\"C4 Tr\u00edo\" \/>\n<meta property=\"article:publisher\" content=\"https:\/\/www.facebook.com\/profile.php?id=100050537467192\" \/>\n<meta property=\"article:published_time\" content=\"2013-10-09T19:46:45+00:00\" \/>\n<meta name=\"author\" content=\"C4 Tr\u00edo\" \/>\n<meta name=\"twitter:card\" content=\"summary_large_image\" \/>\n<meta name=\"twitter:creator\" content=\"@c4trio\" \/>\n<meta name=\"twitter:site\" content=\"@c4trio\" \/>\n<meta name=\"twitter:label1\" content=\"Written by\" \/>\n\t<meta name=\"twitter:data1\" content=\"C4 Tr\u00edo\" \/>\n\t<meta name=\"twitter:label2\" content=\"Est. reading time\" \/>\n\t<meta name=\"twitter:data2\" content=\"1 minute\" \/>\n<script type=\"application\/ld+json\" class=\"yoast-schema-graph\">{\"@context\":\"https:\/\/schema.org\",\"@graph\":[{\"@type\":\"Article\",\"@id\":\"https:\/\/www.c4trio.com\/c4-trio-y-gualberto-ibarreto-nominados-al-grammy-latino\/#article\",\"isPartOf\":{\"@id\":\"https:\/\/www.c4trio.com\/c4-trio-y-gualberto-ibarreto-nominados-al-grammy-latino\/\"},\"author\":{\"name\":\"C4 Tr\u00edo\",\"@id\":\"https:\/\/www.c4trio.com\/#\/schema\/person\/249b7bec572d8e6acda4a2844fa0d812\"},\"headline\":\"C4 Tr\u00edo y Gualberto Ibarreto nominados al Grammy Latino\",\"datePublished\":\"2013-10-09T19:46:45+00:00\",\"mainEntityOfPage\":{\"@id\":\"https:\/\/www.c4trio.com\/c4-trio-y-gualberto-ibarreto-nominados-al-grammy-latino\/\"},\"wordCount\":220,\"commentCount\":0,\"publisher\":{\"@id\":\"https:\/\/www.c4trio.com\/#organization\"},\"image\":{\"@id\":\"https:\/\/www.c4trio.com\/c4-trio-y-gualberto-ibarreto-nominados-al-grammy-latino\/#primaryimage\"},\"thumbnailUrl\":\"\",\"articleSection\":[\"Noticias\"],\"inLanguage\":\"en-US\",\"potentialAction\":[{\"@type\":\"CommentAction\",\"name\":\"Comment\",\"target\":[\"https:\/\/www.c4trio.com\/c4-trio-y-gualberto-ibarreto-nominados-al-grammy-latino\/#respond\"]}]},{\"@type\":\"WebPage\",\"@id\":\"https:\/\/www.c4trio.com\/c4-trio-y-gualberto-ibarreto-nominados-al-grammy-latino\/\",\"url\":\"https:\/\/www.c4trio.com\/c4-trio-y-gualberto-ibarreto-nominados-al-grammy-latino\/\",\"name\":\"C4 Tr\u00edo y Gualberto Ibarreto nominados al Grammy Latino - C4 Tr\u00edo\",\"isPartOf\":{\"@id\":\"https:\/\/www.c4trio.com\/#website\"},\"primaryImageOfPage\":{\"@id\":\"https:\/\/www.c4trio.com\/c4-trio-y-gualberto-ibarreto-nominados-al-grammy-latino\/#primaryimage\"},\"image\":{\"@id\":\"https:\/\/www.c4trio.com\/c4-trio-y-gualberto-ibarreto-nominados-al-grammy-latino\/#primaryimage\"},\"thumbnailUrl\":\"\",\"datePublished\":\"2013-10-09T19:46:45+00:00\",\"breadcrumb\":{\"@id\":\"https:\/\/www.c4trio.com\/c4-trio-y-gualberto-ibarreto-nominados-al-grammy-latino\/#breadcrumb\"},\"inLanguage\":\"en-US\",\"potentialAction\":[{\"@type\":\"ReadAction\",\"target\":[\"https:\/\/www.c4trio.com\/c4-trio-y-gualberto-ibarreto-nominados-al-grammy-latino\/\"]}]},{\"@type\":\"ImageObject\",\"inLanguage\":\"en-US\",\"@id\":\"https:\/\/www.c4trio.com\/c4-trio-y-gualberto-ibarreto-nominados-al-grammy-latino\/#primaryimage\",\"url\":\"\",\"contentUrl\":\"\"},{\"@type\":\"BreadcrumbList\",\"@id\":\"https:\/\/www.c4trio.com\/c4-trio-y-gualberto-ibarreto-nominados-al-grammy-latino\/#breadcrumb\",\"itemListElement\":[{\"@type\":\"ListItem\",\"position\":1,\"name\":\"Portada\",\"item\":\"https:\/\/www.c4trio.com\/\"},{\"@type\":\"ListItem\",\"position\":2,\"name\":\"C4 Tr\u00edo y Gualberto Ibarreto nominados al Grammy Latino\"}]},{\"@type\":\"WebSite\",\"@id\":\"https:\/\/www.c4trio.com\/#website\",\"url\":\"https:\/\/www.c4trio.com\/\",\"name\":\"C4 Tr\u00edo\",\"description\":\"P\u00e1gina Oficial\",\"publisher\":{\"@id\":\"https:\/\/www.c4trio.com\/#organization\"},\"potentialAction\":[{\"@type\":\"SearchAction\",\"target\":{\"@type\":\"EntryPoint\",\"urlTemplate\":\"https:\/\/www.c4trio.com\/?s={search_term_string}\"},\"query-input\":{\"@type\":\"PropertyValueSpecification\",\"valueRequired\":true,\"valueName\":\"search_term_string\"}}],\"inLanguage\":\"en-US\"},{\"@type\":\"Organization\",\"@id\":\"https:\/\/www.c4trio.com\/#organization\",\"name\":\"C4 Tr\u00edo\",\"url\":\"https:\/\/www.c4trio.com\/\",\"logo\":{\"@type\":\"ImageObject\",\"inLanguage\":\"en-US\",\"@id\":\"https:\/\/www.c4trio.com\/#\/schema\/logo\/image\/\",\"url\":\"https:\/\/www.c4trio.com\/wp-content\/uploads\/2016\/09\/logo.png\",\"contentUrl\":\"https:\/\/www.c4trio.com\/wp-content\/uploads\/2016\/09\/logo.png\",\"width\":365,\"height\":80,\"caption\":\"C4 Tr\u00edo\"},\"image\":{\"@id\":\"https:\/\/www.c4trio.com\/#\/schema\/logo\/image\/\"},\"sameAs\":[\"https:\/\/www.facebook.com\/profile.php?id=100050537467192\",\"https:\/\/x.com\/c4trio\",\"https:\/\/www.instagram.com\/c4trio\"]},{\"@type\":\"Person\",\"@id\":\"https:\/\/www.c4trio.com\/#\/schema\/person\/249b7bec572d8e6acda4a2844fa0d812\",\"name\":\"C4 Tr\u00edo\",\"image\":{\"@type\":\"ImageObject\",\"inLanguage\":\"en-US\",\"@id\":\"https:\/\/www.c4trio.com\/#\/schema\/person\/image\/\",\"url\":\"https:\/\/secure.gravatar.com\/avatar\/1894410bb9863489db765918308901998aadc664706304b91f29adbff535b5a1?s=96&d=mm&r=g\",\"contentUrl\":\"https:\/\/secure.gravatar.com\/avatar\/1894410bb9863489db765918308901998aadc664706304b91f29adbff535b5a1?s=96&d=mm&r=g\",\"caption\":\"C4 Tr\u00edo\"},\"url\":\"https:\/\/www.c4trio.com\/en\/author\/c4trio\/\"}]}<\/script>\n<!-- \/ Yoast SEO plugin. -->","yoast_head_json":{"title":"C4 Tr\u00edo y Gualberto Ibarreto nominados al Grammy Latino - C4 Tr\u00edo","robots":{"index":"index","follow":"follow","max-snippet":"max-snippet:-1","max-image-preview":"max-image-preview:large","max-video-preview":"max-video-preview:-1"},"canonical":"https:\/\/www.c4trio.com\/en\/c4-trio-y-gualberto-ibarreto-nominados-al-grammy-latino\/","og_locale":"en_US","og_type":"article","og_title":"C4 Tr\u00edo y Gualberto Ibarreto nominados al Grammy Latino - C4 Tr\u00edo","og_description":"La producci\u00f3n cont\u00f3 con el apoyo de la Fundaci\u00f3n Seguros Caracas e incluye temas ic\u00f3nicos popularizados por \u201cEl Pich\u00f3n\u201d y dos piezas instrumentales Caracas, 14 de octubre de 2013-. La agrupaci\u00f3n C4 Tr\u00edo y el ic\u00f3nico cantante Gualberto Ibarreto resultaron nominados a los Latin Grammy...","og_url":"https:\/\/www.c4trio.com\/en\/c4-trio-y-gualberto-ibarreto-nominados-al-grammy-latino\/","og_site_name":"C4 Tr\u00edo","article_publisher":"https:\/\/www.facebook.com\/profile.php?id=100050537467192","article_published_time":"2013-10-09T19:46:45+00:00","author":"C4 Tr\u00edo","twitter_card":"summary_large_image","twitter_creator":"@c4trio","twitter_site":"@c4trio","twitter_misc":{"Written by":"C4 Tr\u00edo","Est. reading time":"1 minute"},"schema":{"@context":"https:\/\/schema.org","@graph":[{"@type":"Article","@id":"https:\/\/www.c4trio.com\/c4-trio-y-gualberto-ibarreto-nominados-al-grammy-latino\/#article","isPartOf":{"@id":"https:\/\/www.c4trio.com\/c4-trio-y-gualberto-ibarreto-nominados-al-grammy-latino\/"},"author":{"name":"C4 Tr\u00edo","@id":"https:\/\/www.c4trio.com\/#\/schema\/person\/249b7bec572d8e6acda4a2844fa0d812"},"headline":"C4 Tr\u00edo y Gualberto Ibarreto nominados al Grammy Latino","datePublished":"2013-10-09T19:46:45+00:00","mainEntityOfPage":{"@id":"https:\/\/www.c4trio.com\/c4-trio-y-gualberto-ibarreto-nominados-al-grammy-latino\/"},"wordCount":220,"commentCount":0,"publisher":{"@id":"https:\/\/www.c4trio.com\/#organization"},"image":{"@id":"https:\/\/www.c4trio.com\/c4-trio-y-gualberto-ibarreto-nominados-al-grammy-latino\/#primaryimage"},"thumbnailUrl":"","articleSection":["Noticias"],"inLanguage":"en-US","potentialAction":[{"@type":"CommentAction","name":"Comment","target":["https:\/\/www.c4trio.com\/c4-trio-y-gualberto-ibarreto-nominados-al-grammy-latino\/#respond"]}]},{"@type":"WebPage","@id":"https:\/\/www.c4trio.com\/c4-trio-y-gualberto-ibarreto-nominados-al-grammy-latino\/","url":"https:\/\/www.c4trio.com\/c4-trio-y-gualberto-ibarreto-nominados-al-grammy-latino\/","name":"C4 Tr\u00edo y Gualberto Ibarreto nominados al Grammy Latino - C4 Tr\u00edo","isPartOf":{"@id":"https:\/\/www.c4trio.com\/#website"},"primaryImageOfPage":{"@id":"https:\/\/www.c4trio.com\/c4-trio-y-gualberto-ibarreto-nominados-al-grammy-latino\/#primaryimage"},"image":{"@id":"https:\/\/www.c4trio.com\/c4-trio-y-gualberto-ibarreto-nominados-al-grammy-latino\/#primaryimage"},"thumbnailUrl":"","datePublished":"2013-10-09T19:46:45+00:00","breadcrumb":{"@id":"https:\/\/www.c4trio.com\/c4-trio-y-gualberto-ibarreto-nominados-al-grammy-latino\/#breadcrumb"},"inLanguage":"en-US","potentialAction":[{"@type":"ReadAction","target":["https:\/\/www.c4trio.com\/c4-trio-y-gualberto-ibarreto-nominados-al-grammy-latino\/"]}]},{"@type":"ImageObject","inLanguage":"en-US","@id":"https:\/\/www.c4trio.com\/c4-trio-y-gualberto-ibarreto-nominados-al-grammy-latino\/#primaryimage","url":"","contentUrl":""},{"@type":"BreadcrumbList","@id":"https:\/\/www.c4trio.com\/c4-trio-y-gualberto-ibarreto-nominados-al-grammy-latino\/#breadcrumb","itemListElement":[{"@type":"ListItem","position":1,"name":"Portada","item":"https:\/\/www.c4trio.com\/"},{"@type":"ListItem","position":2,"name":"C4 Tr\u00edo y Gualberto Ibarreto nominados al Grammy Latino"}]},{"@type":"WebSite","@id":"https:\/\/www.c4trio.com\/#website","url":"https:\/\/www.c4trio.com\/","name":"C4 Trio","description":"P\u00e1gina Oficial","publisher":{"@id":"https:\/\/www.c4trio.com\/#organization"},"potentialAction":[{"@type":"SearchAction","target":{"@type":"EntryPoint","urlTemplate":"https:\/\/www.c4trio.com\/?s={search_term_string}"},"query-input":{"@type":"PropertyValueSpecification","valueRequired":true,"valueName":"search_term_string"}}],"inLanguage":"en-US"},{"@type":"Organization","@id":"https:\/\/www.c4trio.com\/#organization","name":"C4 Trio","url":"https:\/\/www.c4trio.com\/","logo":{"@type":"ImageObject","inLanguage":"en-US","@id":"https:\/\/www.c4trio.com\/#\/schema\/logo\/image\/","url":"https:\/\/www.c4trio.com\/wp-content\/uploads\/2016\/09\/logo.png","contentUrl":"https:\/\/www.c4trio.com\/wp-content\/uploads\/2016\/09\/logo.png","width":365,"height":80,"caption":"C4 Tr\u00edo"},"image":{"@id":"https:\/\/www.c4trio.com\/#\/schema\/logo\/image\/"},"sameAs":["https:\/\/www.facebook.com\/profile.php?id=100050537467192","https:\/\/x.com\/c4trio","https:\/\/www.instagram.com\/c4trio"]},{"@type":"Person","@id":"https:\/\/www.c4trio.com\/#\/schema\/person\/249b7bec572d8e6acda4a2844fa0d812","name":"C4 Trio","image":{"@type":"ImageObject","inLanguage":"en-US","@id":"https:\/\/www.c4trio.com\/#\/schema\/person\/image\/","url":"https:\/\/secure.gravatar.com\/avatar\/1894410bb9863489db765918308901998aadc664706304b91f29adbff535b5a1?s=96&d=mm&r=g","contentUrl":"https:\/\/secure.gravatar.com\/avatar\/1894410bb9863489db765918308901998aadc664706304b91f29adbff535b5a1?s=96&d=mm&r=g","caption":"C4 Tr\u00edo"},"url":"https:\/\/www.c4trio.com\/en\/author\/c4trio\/"}]}},"_links":{"self":[{"href":"https:\/\/www.c4trio.com\/en\/wp-json\/wp\/v2\/posts\/604","targetHints":{"allow":["GET"]}}],"collection":[{"href":"https:\/\/www.c4trio.com\/en\/wp-json\/wp\/v2\/posts"}],"about":[{"href":"https:\/\/www.c4trio.com\/en\/wp-json\/wp\/v2\/types\/post"}],"author":[{"embeddable":true,"href":"https:\/\/www.c4trio.com\/en\/wp-json\/wp\/v2\/users\/2"}],"replies":[{"embeddable":true,"href":"https:\/\/www.c4trio.com\/en\/wp-json\/wp\/v2\/comments?post=604"}],"version-history":[{"count":0,"href":"https:\/\/www.c4trio.com\/en\/wp-json\/wp\/v2\/posts\/604\/revisions"}],"wp:featuredmedia":[{"embeddable":true,"href":"https:\/\/www.c4trio.com\/en\/wp-json\/"}],"wp:attachment":[{"href":"https:\/\/www.c4trio.com\/en\/wp-json\/wp\/v2\/media?parent=604"}],"wp:term":[{"taxonomy":"category","embeddable":true,"href":"https:\/\/www.c4trio.com\/en\/wp-json\/wp\/v2\/categories?post=604"},{"taxonomy":"post_tag","embeddable":true,"href":"https:\/\/www.c4trio.com\/en\/wp-json\/wp\/v2\/tags?post=604"}],"curies":[{"name":"wp","href":"https:\/\/api.w.org\/{rel}","templated":true}]}}