{"id":424,"date":"2013-07-16T14:55:49","date_gmt":"2013-07-16T14:55:49","guid":{"rendered":"http:\/\/c4trio.com\/site\/?p=424"},"modified":"2013-07-16T14:55:49","modified_gmt":"2013-07-16T14:55:49","slug":"c4trio-rasgara-sus-cuerdas-por-los-130-anos-del-teatro-baralt","status":"publish","type":"post","link":"https:\/\/www.c4trio.com\/en\/c4trio-rasgara-sus-cuerdas-por-los-130-anos-del-teatro-baralt\/","title":{"rendered":"C4Tr\u00edo rasgar\u00e1 sus cuerdas por los 130 a\u00f1os del Teatro Baralt"},"content":{"rendered":"<div><a href=\"http:\/\/c4trio.com\/site\/wp-content\/uploads\/2013\/07\/C4-TRIO-NOTA.jpg\"><img loading=\"lazy\" decoding=\"async\" class=\"alignleft size-full wp-image-425\" alt=\"C4 TRIO NOTA\" src=\"http:\/\/c4trio.com\/site\/wp-content\/uploads\/2013\/07\/C4-TRIO-NOTA.jpg\" width=\"275\" height=\"181\" \/><\/a>Bajo la producci\u00f3n de Armandito Hern\u00e1ndez, los m\u00fasicos de C4 Tr\u00edo se encargar\u00e1n de cantarle el \u201ccumplea\u00f1os feliz\u201d al Teatro Baralt el pr\u00f3ximo mi\u00e9rcoles 24 de julio, a prop\u00f3sito de su aniversario n\u00famero 130.<\/div>\n<div>La presentaci\u00f3n tendr\u00e1 lugar a las 7:30 de la noche. All\u00ed, los cuatristas Jorge Glem, Edward Ram\u00edrez y H\u00e9ctor Molina, acompa\u00f1ados por el bajo de Rodner Padilla, ofrecer\u00e1n un gran espect\u00e1culo.<\/div>\n<div><\/div>\n<div>El evento ser\u00e1 precedido por la exposici\u00f3n retrospectiva documental, audiovisual y fotogr\u00e1fica \u201c130 a\u00f1os compartiendo emociones\u201d, cuya realizaci\u00f3n est\u00e1 a cargo Beto Frangi\u00e9h, Luis G\u00f3mez Rinc\u00f3n, Mexi De Donato\u00a0y\u00a0Edgar Villasmil.\u00a0La inauguraci\u00f3n tendr\u00e1 lugar el mi\u00e9rcoles 23 a las 7:00 de la noche, en la Sala Baja \u201cSergio Antillano\u201d.<\/div>\n<div><\/div>\n<div>Todos los eventos tienen entrada libre y gratuita.<\/div>\n<div><\/div>\n<div><b><i>Jairo M\u00e1rquez Lugo<\/i><\/b><i>\u00a0(@JMarquezLugo)<\/i><\/div>\n<p>&#8211; See more at: http:\/\/www.enagenda.com.ve\/2013\/07\/c4-trio-rasgara-sus-cuerdas-por-los-130.html#sthash.4gnVibsk.dpuf<\/p>","protected":false},"excerpt":{"rendered":"<p>Bajo la producci\u00f3n de Armandito Hern\u00e1ndez, los m\u00fasicos de C4 Tr\u00edo se encargar\u00e1n de cantarle el \u201ccumplea\u00f1os feliz\u201d al Teatro Baralt el pr\u00f3ximo mi\u00e9rcoles 24 de julio, a prop\u00f3sito de su aniversario n\u00famero 130. La presentaci\u00f3n tendr\u00e1 lugar a las 7:30 de la noche. All\u00ed,&#8230;<\/p>","protected":false},"author":2,"featured_media":0,"comment_status":"open","ping_status":"open","sticky":false,"template":"","format":"standard","meta":{"footnotes":""},"categories":[12],"tags":[],"class_list":["post-424","post","type-post","status-publish","format-standard","hentry","category-conciertos-es"],"yoast_head":"<!-- This site is optimized with the Yoast SEO plugin v27.1.1 - https:\/\/yoast.com\/product\/yoast-seo-wordpress\/ -->\n<title>C4Tr\u00edo rasgar\u00e1 sus cuerdas por los 130 a\u00f1os del Teatro Baralt - C4 Tr\u00edo<\/title>\n<meta name=\"robots\" content=\"index, follow, max-snippet:-1, max-image-preview:large, max-video-preview:-1\" \/>\n<link rel=\"canonical\" href=\"https:\/\/www.c4trio.com\/en\/c4trio-rasgara-sus-cuerdas-por-los-130-anos-del-teatro-baralt\/\" \/>\n<meta property=\"og:locale\" content=\"en_US\" \/>\n<meta property=\"og:type\" content=\"article\" \/>\n<meta property=\"og:title\" content=\"C4Tr\u00edo rasgar\u00e1 sus cuerdas por los 130 a\u00f1os del Teatro Baralt - C4 Tr\u00edo\" \/>\n<meta property=\"og:description\" content=\"Bajo la producci\u00f3n de Armandito Hern\u00e1ndez, los m\u00fasicos de C4 Tr\u00edo se encargar\u00e1n de cantarle el \u201ccumplea\u00f1os feliz\u201d al Teatro Baralt el pr\u00f3ximo mi\u00e9rcoles 24 de julio, a prop\u00f3sito de su aniversario n\u00famero 130. La presentaci\u00f3n tendr\u00e1 lugar a las 7:30 de la noche. All\u00ed,...\" \/>\n<meta property=\"og:url\" content=\"https:\/\/www.c4trio.com\/en\/c4trio-rasgara-sus-cuerdas-por-los-130-anos-del-teatro-baralt\/\" \/>\n<meta property=\"og:site_name\" content=\"C4 Tr\u00edo\" \/>\n<meta property=\"article:publisher\" content=\"https:\/\/www.facebook.com\/profile.php?id=100050537467192\" \/>\n<meta property=\"article:published_time\" content=\"2013-07-16T14:55:49+00:00\" \/>\n<meta property=\"og:image\" content=\"http:\/\/c4trio.com\/site\/wp-content\/uploads\/2013\/07\/C4-TRIO-NOTA.jpg\" \/>\n<meta name=\"author\" content=\"C4 Tr\u00edo\" \/>\n<meta name=\"twitter:card\" content=\"summary_large_image\" \/>\n<meta name=\"twitter:creator\" content=\"@c4trio\" \/>\n<meta name=\"twitter:site\" content=\"@c4trio\" \/>\n<meta name=\"twitter:label1\" content=\"Written by\" \/>\n\t<meta name=\"twitter:data1\" content=\"C4 Tr\u00edo\" \/>\n\t<meta name=\"twitter:label2\" content=\"Est. reading time\" \/>\n\t<meta name=\"twitter:data2\" content=\"1 minute\" \/>\n<script type=\"application\/ld+json\" class=\"yoast-schema-graph\">{\"@context\":\"https:\/\/schema.org\",\"@graph\":[{\"@type\":\"Article\",\"@id\":\"https:\/\/www.c4trio.com\/c4trio-rasgara-sus-cuerdas-por-los-130-anos-del-teatro-baralt\/#article\",\"isPartOf\":{\"@id\":\"https:\/\/www.c4trio.com\/c4trio-rasgara-sus-cuerdas-por-los-130-anos-del-teatro-baralt\/\"},\"author\":{\"name\":\"C4 Tr\u00edo\",\"@id\":\"https:\/\/www.c4trio.com\/#\/schema\/person\/249b7bec572d8e6acda4a2844fa0d812\"},\"headline\":\"C4Tr\u00edo rasgar\u00e1 sus cuerdas por los 130 a\u00f1os del Teatro Baralt\",\"datePublished\":\"2013-07-16T14:55:49+00:00\",\"mainEntityOfPage\":{\"@id\":\"https:\/\/www.c4trio.com\/c4trio-rasgara-sus-cuerdas-por-los-130-anos-del-teatro-baralt\/\"},\"wordCount\":176,\"commentCount\":0,\"publisher\":{\"@id\":\"https:\/\/www.c4trio.com\/#organization\"},\"image\":{\"@id\":\"https:\/\/www.c4trio.com\/c4trio-rasgara-sus-cuerdas-por-los-130-anos-del-teatro-baralt\/#primaryimage\"},\"thumbnailUrl\":\"http:\/\/c4trio.com\/site\/wp-content\/uploads\/2013\/07\/C4-TRIO-NOTA.jpg\",\"articleSection\":[\"Conciertos\"],\"inLanguage\":\"en-US\",\"potentialAction\":[{\"@type\":\"CommentAction\",\"name\":\"Comment\",\"target\":[\"https:\/\/www.c4trio.com\/c4trio-rasgara-sus-cuerdas-por-los-130-anos-del-teatro-baralt\/#respond\"]}]},{\"@type\":\"WebPage\",\"@id\":\"https:\/\/www.c4trio.com\/c4trio-rasgara-sus-cuerdas-por-los-130-anos-del-teatro-baralt\/\",\"url\":\"https:\/\/www.c4trio.com\/c4trio-rasgara-sus-cuerdas-por-los-130-anos-del-teatro-baralt\/\",\"name\":\"C4Tr\u00edo rasgar\u00e1 sus cuerdas por los 130 a\u00f1os del Teatro Baralt - C4 Tr\u00edo\",\"isPartOf\":{\"@id\":\"https:\/\/www.c4trio.com\/#website\"},\"primaryImageOfPage\":{\"@id\":\"https:\/\/www.c4trio.com\/c4trio-rasgara-sus-cuerdas-por-los-130-anos-del-teatro-baralt\/#primaryimage\"},\"image\":{\"@id\":\"https:\/\/www.c4trio.com\/c4trio-rasgara-sus-cuerdas-por-los-130-anos-del-teatro-baralt\/#primaryimage\"},\"thumbnailUrl\":\"http:\/\/c4trio.com\/site\/wp-content\/uploads\/2013\/07\/C4-TRIO-NOTA.jpg\",\"datePublished\":\"2013-07-16T14:55:49+00:00\",\"breadcrumb\":{\"@id\":\"https:\/\/www.c4trio.com\/c4trio-rasgara-sus-cuerdas-por-los-130-anos-del-teatro-baralt\/#breadcrumb\"},\"inLanguage\":\"en-US\",\"potentialAction\":[{\"@type\":\"ReadAction\",\"target\":[\"https:\/\/www.c4trio.com\/c4trio-rasgara-sus-cuerdas-por-los-130-anos-del-teatro-baralt\/\"]}]},{\"@type\":\"ImageObject\",\"inLanguage\":\"en-US\",\"@id\":\"https:\/\/www.c4trio.com\/c4trio-rasgara-sus-cuerdas-por-los-130-anos-del-teatro-baralt\/#primaryimage\",\"url\":\"http:\/\/c4trio.com\/site\/wp-content\/uploads\/2013\/07\/C4-TRIO-NOTA.jpg\",\"contentUrl\":\"http:\/\/c4trio.com\/site\/wp-content\/uploads\/2013\/07\/C4-TRIO-NOTA.jpg\"},{\"@type\":\"BreadcrumbList\",\"@id\":\"https:\/\/www.c4trio.com\/c4trio-rasgara-sus-cuerdas-por-los-130-anos-del-teatro-baralt\/#breadcrumb\",\"itemListElement\":[{\"@type\":\"ListItem\",\"position\":1,\"name\":\"Portada\",\"item\":\"https:\/\/www.c4trio.com\/\"},{\"@type\":\"ListItem\",\"position\":2,\"name\":\"C4Tr\u00edo rasgar\u00e1 sus cuerdas por los 130 a\u00f1os del Teatro Baralt\"}]},{\"@type\":\"WebSite\",\"@id\":\"https:\/\/www.c4trio.com\/#website\",\"url\":\"https:\/\/www.c4trio.com\/\",\"name\":\"C4 Tr\u00edo\",\"description\":\"P\u00e1gina Oficial\",\"publisher\":{\"@id\":\"https:\/\/www.c4trio.com\/#organization\"},\"potentialAction\":[{\"@type\":\"SearchAction\",\"target\":{\"@type\":\"EntryPoint\",\"urlTemplate\":\"https:\/\/www.c4trio.com\/?s={search_term_string}\"},\"query-input\":{\"@type\":\"PropertyValueSpecification\",\"valueRequired\":true,\"valueName\":\"search_term_string\"}}],\"inLanguage\":\"en-US\"},{\"@type\":\"Organization\",\"@id\":\"https:\/\/www.c4trio.com\/#organization\",\"name\":\"C4 Tr\u00edo\",\"url\":\"https:\/\/www.c4trio.com\/\",\"logo\":{\"@type\":\"ImageObject\",\"inLanguage\":\"en-US\",\"@id\":\"https:\/\/www.c4trio.com\/#\/schema\/logo\/image\/\",\"url\":\"https:\/\/www.c4trio.com\/wp-content\/uploads\/2016\/09\/logo.png\",\"contentUrl\":\"https:\/\/www.c4trio.com\/wp-content\/uploads\/2016\/09\/logo.png\",\"width\":365,\"height\":80,\"caption\":\"C4 Tr\u00edo\"},\"image\":{\"@id\":\"https:\/\/www.c4trio.com\/#\/schema\/logo\/image\/\"},\"sameAs\":[\"https:\/\/www.facebook.com\/profile.php?id=100050537467192\",\"https:\/\/x.com\/c4trio\",\"https:\/\/www.instagram.com\/c4trio\"]},{\"@type\":\"Person\",\"@id\":\"https:\/\/www.c4trio.com\/#\/schema\/person\/249b7bec572d8e6acda4a2844fa0d812\",\"name\":\"C4 Tr\u00edo\",\"image\":{\"@type\":\"ImageObject\",\"inLanguage\":\"en-US\",\"@id\":\"https:\/\/www.c4trio.com\/#\/schema\/person\/image\/\",\"url\":\"https:\/\/secure.gravatar.com\/avatar\/1894410bb9863489db765918308901998aadc664706304b91f29adbff535b5a1?s=96&d=mm&r=g\",\"contentUrl\":\"https:\/\/secure.gravatar.com\/avatar\/1894410bb9863489db765918308901998aadc664706304b91f29adbff535b5a1?s=96&d=mm&r=g\",\"caption\":\"C4 Tr\u00edo\"},\"url\":\"https:\/\/www.c4trio.com\/en\/author\/c4trio\/\"}]}<\/script>\n<!-- \/ Yoast SEO plugin. -->","yoast_head_json":{"title":"C4Tr\u00edo rasgar\u00e1 sus cuerdas por los 130 a\u00f1os del Teatro Baralt - C4 Tr\u00edo","robots":{"index":"index","follow":"follow","max-snippet":"max-snippet:-1","max-image-preview":"max-image-preview:large","max-video-preview":"max-video-preview:-1"},"canonical":"https:\/\/www.c4trio.com\/en\/c4trio-rasgara-sus-cuerdas-por-los-130-anos-del-teatro-baralt\/","og_locale":"en_US","og_type":"article","og_title":"C4Tr\u00edo rasgar\u00e1 sus cuerdas por los 130 a\u00f1os del Teatro Baralt - C4 Tr\u00edo","og_description":"Bajo la producci\u00f3n de Armandito Hern\u00e1ndez, los m\u00fasicos de C4 Tr\u00edo se encargar\u00e1n de cantarle el \u201ccumplea\u00f1os feliz\u201d al Teatro Baralt el pr\u00f3ximo mi\u00e9rcoles 24 de julio, a prop\u00f3sito de su aniversario n\u00famero 130. La presentaci\u00f3n tendr\u00e1 lugar a las 7:30 de la noche. All\u00ed,...","og_url":"https:\/\/www.c4trio.com\/en\/c4trio-rasgara-sus-cuerdas-por-los-130-anos-del-teatro-baralt\/","og_site_name":"C4 Tr\u00edo","article_publisher":"https:\/\/www.facebook.com\/profile.php?id=100050537467192","article_published_time":"2013-07-16T14:55:49+00:00","og_image":[{"url":"http:\/\/c4trio.com\/site\/wp-content\/uploads\/2013\/07\/C4-TRIO-NOTA.jpg","type":"","width":"","height":""}],"author":"C4 Tr\u00edo","twitter_card":"summary_large_image","twitter_creator":"@c4trio","twitter_site":"@c4trio","twitter_misc":{"Written by":"C4 Tr\u00edo","Est. reading time":"1 minute"},"schema":{"@context":"https:\/\/schema.org","@graph":[{"@type":"Article","@id":"https:\/\/www.c4trio.com\/c4trio-rasgara-sus-cuerdas-por-los-130-anos-del-teatro-baralt\/#article","isPartOf":{"@id":"https:\/\/www.c4trio.com\/c4trio-rasgara-sus-cuerdas-por-los-130-anos-del-teatro-baralt\/"},"author":{"name":"C4 Tr\u00edo","@id":"https:\/\/www.c4trio.com\/#\/schema\/person\/249b7bec572d8e6acda4a2844fa0d812"},"headline":"C4Tr\u00edo rasgar\u00e1 sus cuerdas por los 130 a\u00f1os del Teatro Baralt","datePublished":"2013-07-16T14:55:49+00:00","mainEntityOfPage":{"@id":"https:\/\/www.c4trio.com\/c4trio-rasgara-sus-cuerdas-por-los-130-anos-del-teatro-baralt\/"},"wordCount":176,"commentCount":0,"publisher":{"@id":"https:\/\/www.c4trio.com\/#organization"},"image":{"@id":"https:\/\/www.c4trio.com\/c4trio-rasgara-sus-cuerdas-por-los-130-anos-del-teatro-baralt\/#primaryimage"},"thumbnailUrl":"http:\/\/c4trio.com\/site\/wp-content\/uploads\/2013\/07\/C4-TRIO-NOTA.jpg","articleSection":["Conciertos"],"inLanguage":"en-US","potentialAction":[{"@type":"CommentAction","name":"Comment","target":["https:\/\/www.c4trio.com\/c4trio-rasgara-sus-cuerdas-por-los-130-anos-del-teatro-baralt\/#respond"]}]},{"@type":"WebPage","@id":"https:\/\/www.c4trio.com\/c4trio-rasgara-sus-cuerdas-por-los-130-anos-del-teatro-baralt\/","url":"https:\/\/www.c4trio.com\/c4trio-rasgara-sus-cuerdas-por-los-130-anos-del-teatro-baralt\/","name":"C4Tr\u00edo rasgar\u00e1 sus cuerdas por los 130 a\u00f1os del Teatro Baralt - C4 Tr\u00edo","isPartOf":{"@id":"https:\/\/www.c4trio.com\/#website"},"primaryImageOfPage":{"@id":"https:\/\/www.c4trio.com\/c4trio-rasgara-sus-cuerdas-por-los-130-anos-del-teatro-baralt\/#primaryimage"},"image":{"@id":"https:\/\/www.c4trio.com\/c4trio-rasgara-sus-cuerdas-por-los-130-anos-del-teatro-baralt\/#primaryimage"},"thumbnailUrl":"http:\/\/c4trio.com\/site\/wp-content\/uploads\/2013\/07\/C4-TRIO-NOTA.jpg","datePublished":"2013-07-16T14:55:49+00:00","breadcrumb":{"@id":"https:\/\/www.c4trio.com\/c4trio-rasgara-sus-cuerdas-por-los-130-anos-del-teatro-baralt\/#breadcrumb"},"inLanguage":"en-US","potentialAction":[{"@type":"ReadAction","target":["https:\/\/www.c4trio.com\/c4trio-rasgara-sus-cuerdas-por-los-130-anos-del-teatro-baralt\/"]}]},{"@type":"ImageObject","inLanguage":"en-US","@id":"https:\/\/www.c4trio.com\/c4trio-rasgara-sus-cuerdas-por-los-130-anos-del-teatro-baralt\/#primaryimage","url":"http:\/\/c4trio.com\/site\/wp-content\/uploads\/2013\/07\/C4-TRIO-NOTA.jpg","contentUrl":"http:\/\/c4trio.com\/site\/wp-content\/uploads\/2013\/07\/C4-TRIO-NOTA.jpg"},{"@type":"BreadcrumbList","@id":"https:\/\/www.c4trio.com\/c4trio-rasgara-sus-cuerdas-por-los-130-anos-del-teatro-baralt\/#breadcrumb","itemListElement":[{"@type":"ListItem","position":1,"name":"Portada","item":"https:\/\/www.c4trio.com\/"},{"@type":"ListItem","position":2,"name":"C4Tr\u00edo rasgar\u00e1 sus cuerdas por los 130 a\u00f1os del Teatro Baralt"}]},{"@type":"WebSite","@id":"https:\/\/www.c4trio.com\/#website","url":"https:\/\/www.c4trio.com\/","name":"C4 Trio","description":"P\u00e1gina Oficial","publisher":{"@id":"https:\/\/www.c4trio.com\/#organization"},"potentialAction":[{"@type":"SearchAction","target":{"@type":"EntryPoint","urlTemplate":"https:\/\/www.c4trio.com\/?s={search_term_string}"},"query-input":{"@type":"PropertyValueSpecification","valueRequired":true,"valueName":"search_term_string"}}],"inLanguage":"en-US"},{"@type":"Organization","@id":"https:\/\/www.c4trio.com\/#organization","name":"C4 Trio","url":"https:\/\/www.c4trio.com\/","logo":{"@type":"ImageObject","inLanguage":"en-US","@id":"https:\/\/www.c4trio.com\/#\/schema\/logo\/image\/","url":"https:\/\/www.c4trio.com\/wp-content\/uploads\/2016\/09\/logo.png","contentUrl":"https:\/\/www.c4trio.com\/wp-content\/uploads\/2016\/09\/logo.png","width":365,"height":80,"caption":"C4 Tr\u00edo"},"image":{"@id":"https:\/\/www.c4trio.com\/#\/schema\/logo\/image\/"},"sameAs":["https:\/\/www.facebook.com\/profile.php?id=100050537467192","https:\/\/x.com\/c4trio","https:\/\/www.instagram.com\/c4trio"]},{"@type":"Person","@id":"https:\/\/www.c4trio.com\/#\/schema\/person\/249b7bec572d8e6acda4a2844fa0d812","name":"C4 Trio","image":{"@type":"ImageObject","inLanguage":"en-US","@id":"https:\/\/www.c4trio.com\/#\/schema\/person\/image\/","url":"https:\/\/secure.gravatar.com\/avatar\/1894410bb9863489db765918308901998aadc664706304b91f29adbff535b5a1?s=96&d=mm&r=g","contentUrl":"https:\/\/secure.gravatar.com\/avatar\/1894410bb9863489db765918308901998aadc664706304b91f29adbff535b5a1?s=96&d=mm&r=g","caption":"C4 Tr\u00edo"},"url":"https:\/\/www.c4trio.com\/en\/author\/c4trio\/"}]}},"_links":{"self":[{"href":"https:\/\/www.c4trio.com\/en\/wp-json\/wp\/v2\/posts\/424","targetHints":{"allow":["GET"]}}],"collection":[{"href":"https:\/\/www.c4trio.com\/en\/wp-json\/wp\/v2\/posts"}],"about":[{"href":"https:\/\/www.c4trio.com\/en\/wp-json\/wp\/v2\/types\/post"}],"author":[{"embeddable":true,"href":"https:\/\/www.c4trio.com\/en\/wp-json\/wp\/v2\/users\/2"}],"replies":[{"embeddable":true,"href":"https:\/\/www.c4trio.com\/en\/wp-json\/wp\/v2\/comments?post=424"}],"version-history":[{"count":0,"href":"https:\/\/www.c4trio.com\/en\/wp-json\/wp\/v2\/posts\/424\/revisions"}],"wp:attachment":[{"href":"https:\/\/www.c4trio.com\/en\/wp-json\/wp\/v2\/media?parent=424"}],"wp:term":[{"taxonomy":"category","embeddable":true,"href":"https:\/\/www.c4trio.com\/en\/wp-json\/wp\/v2\/categories?post=424"},{"taxonomy":"post_tag","embeddable":true,"href":"https:\/\/www.c4trio.com\/en\/wp-json\/wp\/v2\/tags?post=424"}],"curies":[{"name":"wp","href":"https:\/\/api.w.org\/{rel}","templated":true}]}}