{"id":354,"date":"2013-05-15T14:17:25","date_gmt":"2013-05-15T14:17:25","guid":{"rendered":"http:\/\/c4trio.com\/site\/?p=354"},"modified":"2013-05-15T14:17:25","modified_gmt":"2013-05-15T14:17:25","slug":"jorge-glem-musica-del-mundo-con-sabor-venezolano-en-el-teatro-de-chacao","status":"publish","type":"post","link":"https:\/\/www.c4trio.com\/en\/jorge-glem-musica-del-mundo-con-sabor-venezolano-en-el-teatro-de-chacao\/","title":{"rendered":"Jorge Glem: M\u00fasica del mundo con sabor venezolano en el Teatro de Chacao"},"content":{"rendered":"<p><a href=\"http:\/\/c4trio.com\/site\/wp-content\/uploads\/2013\/05\/JORGE-GLEM-Foto-Nicol\u00e1s-Serrano-.jpeg\"><img loading=\"lazy\" decoding=\"async\" class=\"aligncenter size-full wp-image-355\" alt=\"JORGE GLEM Foto Nicol\u00e1s Serrano\" src=\"http:\/\/c4trio.com\/site\/wp-content\/uploads\/2013\/05\/JORGE-GLEM-Foto-Nicol\u00e1s-Serrano-.jpeg\" width=\"500\" height=\"298\" \/><\/a><\/p>\n<p><strong>\u201cEl cuatrista favorito de los solistas venezolanos\u201d, como lo describen algunos,ofrece un concierto irrepetible, donde har\u00e1 vibrar las cuatro cuerdas del instrumento nacional, en un repertorio abierto al jazz y a las diferentes tendencias del World Music, acompa\u00f1ado de Diego el Negro \u00c1lvarez, \u00a0Eric Chac\u00f3n y Rodner Padilla<\/strong><\/p>\n<p><b>Jorge Glem<\/b>\u00a0bautiza su tercera producci\u00f3n discogr\u00e1fica,\u00a0<strong>En el Cerrito,<\/strong> en un concierto irrepetible que se realizar\u00e1 el\u00a0<b>s\u00e1bado 18 de mayo<\/b>, a las\u00a0<b>8:00 p.m.<\/b>, en el\u00a0<b>Teatro de Chacao<\/b>, antes de emprender un ciclo de presentaciones en diversas ciudades del interior del pa\u00eds.<\/p>\n<p>Este artista de ascendente carrera, presentar\u00e1 al p\u00fablico esta producci\u00f3n caracterizada por la\u00a0madurez y versatilidad de un repertorio abierto a las diferentes tendencias del World Music, con esencia venezolana, acompa\u00f1ado de tres brillantes colegas:\u00a0<b>Diego\u00a0<i>el Negro<\/i>\u00a0\u00c1lvarez<\/b>, en el caj\u00f3n flamenco, bater\u00eda y voz;\u00a0<b>Rodner Padilla<\/b>, en el bajo el\u00e9ctrico, contrabajo el\u00e9ctrico y mel\u00f3dica, y\u00a0<b>Eric Chac\u00f3n<\/b>\u00a0en los saxos.<\/p>\n<p>\u201c<i>Yo creo mucho en el cuatro venezolano, creo en la m\u00fasica venezolana y creo m\u00e1s en el esp\u00edritu que en las notas y eso se refleja en esta propuesta\u00a0<\/i><i>que espero el p\u00fablico pueda disfrutar tanto como nosotros en este concierto<\/i><i>\u00ab<\/i>, afirma este talentoso\u00a0cuatrista, mandolinista, arreglista y compositor que comenz\u00f3 su formaci\u00f3n musical a la edad de 6 a\u00f1os con la mandolina, instrumento al que se dedic\u00f3 durante mucho tiempo hasta decidirse por el cuatro, a comienzo del 2000.<\/p>\n<p>En el a\u00f1o 2004, participa en el Festival de M\u00fasica Llanera El Silb\u00f3n de Oro, donde obtiene el primer lugar como Mejor cuatrista y Mejor agrupaci\u00f3n musical. Antes, en junio de ese a\u00f1o, logra el segundo lugar en el I Concurso Internacional La Siembra del Cuatro, organizado por el Maestro Cheo Hurtado, evento que lo dio a conocer. En la edici\u00f3n 2005, gana el primer lugar de este concurso en la afinaci\u00f3n tradicional. En 2011, recibe el premio como mejor cuatrista de nuevos formato en el Torneo Internacional del Joropo en Villavicencio, Colombia Desde el 2009, da forma a su proyecto personal, en formato cuarteto y, en paralelo, integra C4 Tr\u00edo, Kamarata Jazz, EnCayapa, Alexis C\u00e1rdenas Cuarteto, Marco Granados Tr\u00edo, Pacho Flores, Germ\u00e1n Marcano y Cuatreto.<\/p>\n<h2><strong>Viaje musical<\/strong><\/h2>\n<p><i>Cuatro sentido<\/i>\u00a0(2005) y\u00a0<i>La siembra del cuatro<\/i>\u00a0(2009), son los nombres de sus primeras producciones.\u00a0<b>En el Cerrito<\/b>,\u00a0su tercer disco, resume la b\u00fasqueda m\u00e1s reciente de este vers\u00e1til instrumentista. Bajo la producci\u00f3n musical de Germ\u00e1n Landaeta, fue grabado en directo en los emblem\u00e1ticos espacios de\u00a0Villa Planchart, \u201cla obra maestra de Gio Ponti en Caracas\u201d, ya\u00a0est\u00e1 a la venta en tiendas digitales y ser\u00e1 distribuido en las principales discotiendas del pa\u00eds a finales del mes de mayo.<\/p>\n<p>Un equipo de reconocidos profesionales integrado por Ernesto Pinto, en la iluminaci\u00f3n; Daniel y Carmen Oseches en los videos y producci\u00f3n visual; Rafael Rond\u00f3n, en el audio;\u00a0Gunilla \u00c1lvarez-Mu\u00f1oz, en la direcci\u00f3n t\u00e9cnica y esc\u00e9nica;\u00a0Germ\u00e1n Landaeta, en la propuesta sonora e ingenier\u00eda de sonido, y Yubir\u00ed\u00a0Arraiz, en la conceptualizaci\u00f3n y producci\u00f3n general, dan forma a este\u00a0espect\u00e1culo que propone\u00a0un recorrido auditivo y visual, en una viva recreaci\u00f3n del vers\u00e1til discurso musical de esta\u00a0producci\u00f3n discogr\u00e1fica\u00a0editada en formato de disco-libro, que incluye testimonios de grandes m\u00fasicos como Paquito D\u2019Rivera, Chuchito Sanoja, Jordan Rudess, Hamilton de Holanda, David Pe\u00f1a, Edward Simon, Jos\u00e9 Luis Pardo y Alexis C\u00e1rdenas, acerca de este virtuoso artista cuman\u00e9s.<\/p>\n<p><b>Jorge Glem: En el Cerrito<\/b>\u00a0\u2014concierto patrocinado por Telef\u00f3nica Movistar\u2014, se presenta en funci\u00f3n \u00fanica, el\u00a0<b>s\u00e1bado 18 de mayo, a las 8:00 p.m., en el Teatro de Chacao<\/b>, ubicado en la avenida Tamanaco, El Rosal.\u00a0Las entradas pueden ser adquiridas en la taquilla del teatro de martes a domingo, de 10:00 a.m. a 7:00 p.m., o a trav\u00e9s de\u00a0<a href=\"http:\/\/www.ticketmundo.com\/\" target=\"_blank\" rel=\"noopener noreferrer\">www.ticketmundo.com<\/a><\/p>\n<p><span style=\"font-family: 'Arial Narrow';\">Mayor informaci\u00f3n en\u00a0<a href=\"http:\/\/www.centroculturalchacao.com\/\" target=\"_blank\" rel=\"noopener noreferrer\">www.centroculturalchacao.<wbr \/>com<\/a>,\u00a0<a href=\"http:\/\/www.culturachacao.org\/\" target=\"_blank\" rel=\"noopener noreferrer\">www.culturachacao.org<\/a>\u00a0o a trav\u00e9s de las cuentas de Twitter:\u00a0<a href=\"http:\/\/twitter.com\/culturachacao\" target=\"_blank\" rel=\"noopener noreferrer\">@culturachacao<\/a>\u00a0y\u00a0<a href=\"http:\/\/twitter.com\/CculturalChacao\" target=\"_blank\" rel=\"noopener noreferrer\">@<wbr \/>CculturalChacao<\/a>\u00a0Facebook:\u00a0<a href=\"http:\/\/www.facebook.com\/pages\/Centro-Cultural-Chacao\/305093379598244?fref=ts\" target=\"_blank\" rel=\"noopener noreferrer\">Cent<wbr \/>ro Cultural Chacao<\/a><\/span><\/p>","protected":false},"excerpt":{"rendered":"<p>\u201cEl cuatrista favorito de los solistas venezolanos\u201d, como lo describen algunos,ofrece un concierto irrepetible, donde har\u00e1 vibrar las cuatro cuerdas del instrumento nacional, en un repertorio abierto al jazz y a las diferentes tendencias del World Music, acompa\u00f1ado de Diego el Negro \u00c1lvarez, \u00a0Eric Chac\u00f3n&#8230;<\/p>","protected":false},"author":2,"featured_media":355,"comment_status":"open","ping_status":"open","sticky":false,"template":"","format":"standard","meta":{"footnotes":""},"categories":[12],"tags":[],"class_list":["post-354","post","type-post","status-publish","format-standard","has-post-thumbnail","hentry","category-conciertos-es"],"yoast_head":"<!-- This site is optimized with the Yoast SEO plugin v27.1.1 - https:\/\/yoast.com\/product\/yoast-seo-wordpress\/ -->\n<title>Jorge Glem: M\u00fasica del mundo con sabor venezolano en el Teatro de Chacao - C4 Tr\u00edo<\/title>\n<meta name=\"robots\" content=\"index, follow, max-snippet:-1, max-image-preview:large, max-video-preview:-1\" \/>\n<link rel=\"canonical\" href=\"https:\/\/www.c4trio.com\/en\/jorge-glem-musica-del-mundo-con-sabor-venezolano-en-el-teatro-de-chacao\/\" \/>\n<meta property=\"og:locale\" content=\"en_US\" \/>\n<meta property=\"og:type\" content=\"article\" \/>\n<meta property=\"og:title\" content=\"Jorge Glem: M\u00fasica del mundo con sabor venezolano en el Teatro de Chacao - C4 Tr\u00edo\" \/>\n<meta property=\"og:description\" content=\"\u201cEl cuatrista favorito de los solistas venezolanos\u201d, como lo describen algunos,ofrece un concierto irrepetible, donde har\u00e1 vibrar las cuatro cuerdas del instrumento nacional, en un repertorio abierto al jazz y a las diferentes tendencias del World Music, acompa\u00f1ado de Diego el Negro \u00c1lvarez, \u00a0Eric Chac\u00f3n...\" \/>\n<meta property=\"og:url\" content=\"https:\/\/www.c4trio.com\/en\/jorge-glem-musica-del-mundo-con-sabor-venezolano-en-el-teatro-de-chacao\/\" \/>\n<meta property=\"og:site_name\" content=\"C4 Tr\u00edo\" \/>\n<meta property=\"article:publisher\" content=\"https:\/\/www.facebook.com\/profile.php?id=100050537467192\" \/>\n<meta property=\"article:published_time\" content=\"2013-05-15T14:17:25+00:00\" \/>\n<meta name=\"author\" content=\"C4 Tr\u00edo\" \/>\n<meta name=\"twitter:card\" content=\"summary_large_image\" \/>\n<meta name=\"twitter:creator\" content=\"@c4trio\" \/>\n<meta name=\"twitter:site\" content=\"@c4trio\" \/>\n<meta name=\"twitter:label1\" content=\"Written by\" \/>\n\t<meta name=\"twitter:data1\" content=\"C4 Tr\u00edo\" \/>\n\t<meta name=\"twitter:label2\" content=\"Est. reading time\" \/>\n\t<meta name=\"twitter:data2\" content=\"4 minutes\" \/>\n<script type=\"application\/ld+json\" class=\"yoast-schema-graph\">{\"@context\":\"https:\/\/schema.org\",\"@graph\":[{\"@type\":\"Article\",\"@id\":\"https:\/\/www.c4trio.com\/jorge-glem-musica-del-mundo-con-sabor-venezolano-en-el-teatro-de-chacao\/#article\",\"isPartOf\":{\"@id\":\"https:\/\/www.c4trio.com\/jorge-glem-musica-del-mundo-con-sabor-venezolano-en-el-teatro-de-chacao\/\"},\"author\":{\"name\":\"C4 Tr\u00edo\",\"@id\":\"https:\/\/www.c4trio.com\/#\/schema\/person\/249b7bec572d8e6acda4a2844fa0d812\"},\"headline\":\"Jorge Glem: M\u00fasica del mundo con sabor venezolano en el Teatro de Chacao\",\"datePublished\":\"2013-05-15T14:17:25+00:00\",\"mainEntityOfPage\":{\"@id\":\"https:\/\/www.c4trio.com\/jorge-glem-musica-del-mundo-con-sabor-venezolano-en-el-teatro-de-chacao\/\"},\"wordCount\":716,\"commentCount\":0,\"publisher\":{\"@id\":\"https:\/\/www.c4trio.com\/#organization\"},\"image\":{\"@id\":\"https:\/\/www.c4trio.com\/jorge-glem-musica-del-mundo-con-sabor-venezolano-en-el-teatro-de-chacao\/#primaryimage\"},\"thumbnailUrl\":\"\",\"articleSection\":[\"Conciertos\"],\"inLanguage\":\"en-US\",\"potentialAction\":[{\"@type\":\"CommentAction\",\"name\":\"Comment\",\"target\":[\"https:\/\/www.c4trio.com\/jorge-glem-musica-del-mundo-con-sabor-venezolano-en-el-teatro-de-chacao\/#respond\"]}]},{\"@type\":\"WebPage\",\"@id\":\"https:\/\/www.c4trio.com\/jorge-glem-musica-del-mundo-con-sabor-venezolano-en-el-teatro-de-chacao\/\",\"url\":\"https:\/\/www.c4trio.com\/jorge-glem-musica-del-mundo-con-sabor-venezolano-en-el-teatro-de-chacao\/\",\"name\":\"Jorge Glem: M\u00fasica del mundo con sabor venezolano en el Teatro de Chacao - C4 Tr\u00edo\",\"isPartOf\":{\"@id\":\"https:\/\/www.c4trio.com\/#website\"},\"primaryImageOfPage\":{\"@id\":\"https:\/\/www.c4trio.com\/jorge-glem-musica-del-mundo-con-sabor-venezolano-en-el-teatro-de-chacao\/#primaryimage\"},\"image\":{\"@id\":\"https:\/\/www.c4trio.com\/jorge-glem-musica-del-mundo-con-sabor-venezolano-en-el-teatro-de-chacao\/#primaryimage\"},\"thumbnailUrl\":\"\",\"datePublished\":\"2013-05-15T14:17:25+00:00\",\"breadcrumb\":{\"@id\":\"https:\/\/www.c4trio.com\/jorge-glem-musica-del-mundo-con-sabor-venezolano-en-el-teatro-de-chacao\/#breadcrumb\"},\"inLanguage\":\"en-US\",\"potentialAction\":[{\"@type\":\"ReadAction\",\"target\":[\"https:\/\/www.c4trio.com\/jorge-glem-musica-del-mundo-con-sabor-venezolano-en-el-teatro-de-chacao\/\"]}]},{\"@type\":\"ImageObject\",\"inLanguage\":\"en-US\",\"@id\":\"https:\/\/www.c4trio.com\/jorge-glem-musica-del-mundo-con-sabor-venezolano-en-el-teatro-de-chacao\/#primaryimage\",\"url\":\"\",\"contentUrl\":\"\"},{\"@type\":\"BreadcrumbList\",\"@id\":\"https:\/\/www.c4trio.com\/jorge-glem-musica-del-mundo-con-sabor-venezolano-en-el-teatro-de-chacao\/#breadcrumb\",\"itemListElement\":[{\"@type\":\"ListItem\",\"position\":1,\"name\":\"Portada\",\"item\":\"https:\/\/www.c4trio.com\/\"},{\"@type\":\"ListItem\",\"position\":2,\"name\":\"Jorge Glem: M\u00fasica del mundo con sabor venezolano en el Teatro de Chacao\"}]},{\"@type\":\"WebSite\",\"@id\":\"https:\/\/www.c4trio.com\/#website\",\"url\":\"https:\/\/www.c4trio.com\/\",\"name\":\"C4 Tr\u00edo\",\"description\":\"P\u00e1gina Oficial\",\"publisher\":{\"@id\":\"https:\/\/www.c4trio.com\/#organization\"},\"potentialAction\":[{\"@type\":\"SearchAction\",\"target\":{\"@type\":\"EntryPoint\",\"urlTemplate\":\"https:\/\/www.c4trio.com\/?s={search_term_string}\"},\"query-input\":{\"@type\":\"PropertyValueSpecification\",\"valueRequired\":true,\"valueName\":\"search_term_string\"}}],\"inLanguage\":\"en-US\"},{\"@type\":\"Organization\",\"@id\":\"https:\/\/www.c4trio.com\/#organization\",\"name\":\"C4 Tr\u00edo\",\"url\":\"https:\/\/www.c4trio.com\/\",\"logo\":{\"@type\":\"ImageObject\",\"inLanguage\":\"en-US\",\"@id\":\"https:\/\/www.c4trio.com\/#\/schema\/logo\/image\/\",\"url\":\"https:\/\/www.c4trio.com\/wp-content\/uploads\/2016\/09\/logo.png\",\"contentUrl\":\"https:\/\/www.c4trio.com\/wp-content\/uploads\/2016\/09\/logo.png\",\"width\":365,\"height\":80,\"caption\":\"C4 Tr\u00edo\"},\"image\":{\"@id\":\"https:\/\/www.c4trio.com\/#\/schema\/logo\/image\/\"},\"sameAs\":[\"https:\/\/www.facebook.com\/profile.php?id=100050537467192\",\"https:\/\/x.com\/c4trio\",\"https:\/\/www.instagram.com\/c4trio\"]},{\"@type\":\"Person\",\"@id\":\"https:\/\/www.c4trio.com\/#\/schema\/person\/249b7bec572d8e6acda4a2844fa0d812\",\"name\":\"C4 Tr\u00edo\",\"image\":{\"@type\":\"ImageObject\",\"inLanguage\":\"en-US\",\"@id\":\"https:\/\/www.c4trio.com\/#\/schema\/person\/image\/\",\"url\":\"https:\/\/secure.gravatar.com\/avatar\/1894410bb9863489db765918308901998aadc664706304b91f29adbff535b5a1?s=96&d=mm&r=g\",\"contentUrl\":\"https:\/\/secure.gravatar.com\/avatar\/1894410bb9863489db765918308901998aadc664706304b91f29adbff535b5a1?s=96&d=mm&r=g\",\"caption\":\"C4 Tr\u00edo\"},\"url\":\"https:\/\/www.c4trio.com\/en\/author\/c4trio\/\"}]}<\/script>\n<!-- \/ Yoast SEO plugin. -->","yoast_head_json":{"title":"Jorge Glem: M\u00fasica del mundo con sabor venezolano en el Teatro de Chacao - C4 Tr\u00edo","robots":{"index":"index","follow":"follow","max-snippet":"max-snippet:-1","max-image-preview":"max-image-preview:large","max-video-preview":"max-video-preview:-1"},"canonical":"https:\/\/www.c4trio.com\/en\/jorge-glem-musica-del-mundo-con-sabor-venezolano-en-el-teatro-de-chacao\/","og_locale":"en_US","og_type":"article","og_title":"Jorge Glem: M\u00fasica del mundo con sabor venezolano en el Teatro de Chacao - C4 Tr\u00edo","og_description":"\u201cEl cuatrista favorito de los solistas venezolanos\u201d, como lo describen algunos,ofrece un concierto irrepetible, donde har\u00e1 vibrar las cuatro cuerdas del instrumento nacional, en un repertorio abierto al jazz y a las diferentes tendencias del World Music, acompa\u00f1ado de Diego el Negro \u00c1lvarez, \u00a0Eric Chac\u00f3n...","og_url":"https:\/\/www.c4trio.com\/en\/jorge-glem-musica-del-mundo-con-sabor-venezolano-en-el-teatro-de-chacao\/","og_site_name":"C4 Tr\u00edo","article_publisher":"https:\/\/www.facebook.com\/profile.php?id=100050537467192","article_published_time":"2013-05-15T14:17:25+00:00","author":"C4 Tr\u00edo","twitter_card":"summary_large_image","twitter_creator":"@c4trio","twitter_site":"@c4trio","twitter_misc":{"Written by":"C4 Tr\u00edo","Est. reading time":"4 minutes"},"schema":{"@context":"https:\/\/schema.org","@graph":[{"@type":"Article","@id":"https:\/\/www.c4trio.com\/jorge-glem-musica-del-mundo-con-sabor-venezolano-en-el-teatro-de-chacao\/#article","isPartOf":{"@id":"https:\/\/www.c4trio.com\/jorge-glem-musica-del-mundo-con-sabor-venezolano-en-el-teatro-de-chacao\/"},"author":{"name":"C4 Tr\u00edo","@id":"https:\/\/www.c4trio.com\/#\/schema\/person\/249b7bec572d8e6acda4a2844fa0d812"},"headline":"Jorge Glem: M\u00fasica del mundo con sabor venezolano en el Teatro de Chacao","datePublished":"2013-05-15T14:17:25+00:00","mainEntityOfPage":{"@id":"https:\/\/www.c4trio.com\/jorge-glem-musica-del-mundo-con-sabor-venezolano-en-el-teatro-de-chacao\/"},"wordCount":716,"commentCount":0,"publisher":{"@id":"https:\/\/www.c4trio.com\/#organization"},"image":{"@id":"https:\/\/www.c4trio.com\/jorge-glem-musica-del-mundo-con-sabor-venezolano-en-el-teatro-de-chacao\/#primaryimage"},"thumbnailUrl":"","articleSection":["Conciertos"],"inLanguage":"en-US","potentialAction":[{"@type":"CommentAction","name":"Comment","target":["https:\/\/www.c4trio.com\/jorge-glem-musica-del-mundo-con-sabor-venezolano-en-el-teatro-de-chacao\/#respond"]}]},{"@type":"WebPage","@id":"https:\/\/www.c4trio.com\/jorge-glem-musica-del-mundo-con-sabor-venezolano-en-el-teatro-de-chacao\/","url":"https:\/\/www.c4trio.com\/jorge-glem-musica-del-mundo-con-sabor-venezolano-en-el-teatro-de-chacao\/","name":"Jorge Glem: M\u00fasica del mundo con sabor venezolano en el Teatro de Chacao - C4 Tr\u00edo","isPartOf":{"@id":"https:\/\/www.c4trio.com\/#website"},"primaryImageOfPage":{"@id":"https:\/\/www.c4trio.com\/jorge-glem-musica-del-mundo-con-sabor-venezolano-en-el-teatro-de-chacao\/#primaryimage"},"image":{"@id":"https:\/\/www.c4trio.com\/jorge-glem-musica-del-mundo-con-sabor-venezolano-en-el-teatro-de-chacao\/#primaryimage"},"thumbnailUrl":"","datePublished":"2013-05-15T14:17:25+00:00","breadcrumb":{"@id":"https:\/\/www.c4trio.com\/jorge-glem-musica-del-mundo-con-sabor-venezolano-en-el-teatro-de-chacao\/#breadcrumb"},"inLanguage":"en-US","potentialAction":[{"@type":"ReadAction","target":["https:\/\/www.c4trio.com\/jorge-glem-musica-del-mundo-con-sabor-venezolano-en-el-teatro-de-chacao\/"]}]},{"@type":"ImageObject","inLanguage":"en-US","@id":"https:\/\/www.c4trio.com\/jorge-glem-musica-del-mundo-con-sabor-venezolano-en-el-teatro-de-chacao\/#primaryimage","url":"","contentUrl":""},{"@type":"BreadcrumbList","@id":"https:\/\/www.c4trio.com\/jorge-glem-musica-del-mundo-con-sabor-venezolano-en-el-teatro-de-chacao\/#breadcrumb","itemListElement":[{"@type":"ListItem","position":1,"name":"Portada","item":"https:\/\/www.c4trio.com\/"},{"@type":"ListItem","position":2,"name":"Jorge Glem: M\u00fasica del mundo con sabor venezolano en el Teatro de Chacao"}]},{"@type":"WebSite","@id":"https:\/\/www.c4trio.com\/#website","url":"https:\/\/www.c4trio.com\/","name":"C4 Trio","description":"P\u00e1gina Oficial","publisher":{"@id":"https:\/\/www.c4trio.com\/#organization"},"potentialAction":[{"@type":"SearchAction","target":{"@type":"EntryPoint","urlTemplate":"https:\/\/www.c4trio.com\/?s={search_term_string}"},"query-input":{"@type":"PropertyValueSpecification","valueRequired":true,"valueName":"search_term_string"}}],"inLanguage":"en-US"},{"@type":"Organization","@id":"https:\/\/www.c4trio.com\/#organization","name":"C4 Trio","url":"https:\/\/www.c4trio.com\/","logo":{"@type":"ImageObject","inLanguage":"en-US","@id":"https:\/\/www.c4trio.com\/#\/schema\/logo\/image\/","url":"https:\/\/www.c4trio.com\/wp-content\/uploads\/2016\/09\/logo.png","contentUrl":"https:\/\/www.c4trio.com\/wp-content\/uploads\/2016\/09\/logo.png","width":365,"height":80,"caption":"C4 Tr\u00edo"},"image":{"@id":"https:\/\/www.c4trio.com\/#\/schema\/logo\/image\/"},"sameAs":["https:\/\/www.facebook.com\/profile.php?id=100050537467192","https:\/\/x.com\/c4trio","https:\/\/www.instagram.com\/c4trio"]},{"@type":"Person","@id":"https:\/\/www.c4trio.com\/#\/schema\/person\/249b7bec572d8e6acda4a2844fa0d812","name":"C4 Trio","image":{"@type":"ImageObject","inLanguage":"en-US","@id":"https:\/\/www.c4trio.com\/#\/schema\/person\/image\/","url":"https:\/\/secure.gravatar.com\/avatar\/1894410bb9863489db765918308901998aadc664706304b91f29adbff535b5a1?s=96&d=mm&r=g","contentUrl":"https:\/\/secure.gravatar.com\/avatar\/1894410bb9863489db765918308901998aadc664706304b91f29adbff535b5a1?s=96&d=mm&r=g","caption":"C4 Tr\u00edo"},"url":"https:\/\/www.c4trio.com\/en\/author\/c4trio\/"}]}},"_links":{"self":[{"href":"https:\/\/www.c4trio.com\/en\/wp-json\/wp\/v2\/posts\/354","targetHints":{"allow":["GET"]}}],"collection":[{"href":"https:\/\/www.c4trio.com\/en\/wp-json\/wp\/v2\/posts"}],"about":[{"href":"https:\/\/www.c4trio.com\/en\/wp-json\/wp\/v2\/types\/post"}],"author":[{"embeddable":true,"href":"https:\/\/www.c4trio.com\/en\/wp-json\/wp\/v2\/users\/2"}],"replies":[{"embeddable":true,"href":"https:\/\/www.c4trio.com\/en\/wp-json\/wp\/v2\/comments?post=354"}],"version-history":[{"count":0,"href":"https:\/\/www.c4trio.com\/en\/wp-json\/wp\/v2\/posts\/354\/revisions"}],"wp:featuredmedia":[{"embeddable":true,"href":"https:\/\/www.c4trio.com\/en\/wp-json\/"}],"wp:attachment":[{"href":"https:\/\/www.c4trio.com\/en\/wp-json\/wp\/v2\/media?parent=354"}],"wp:term":[{"taxonomy":"category","embeddable":true,"href":"https:\/\/www.c4trio.com\/en\/wp-json\/wp\/v2\/categories?post=354"},{"taxonomy":"post_tag","embeddable":true,"href":"https:\/\/www.c4trio.com\/en\/wp-json\/wp\/v2\/tags?post=354"}],"curies":[{"name":"wp","href":"https:\/\/api.w.org\/{rel}","templated":true}]}}