{"id":325,"date":"2013-04-12T16:23:31","date_gmt":"2013-04-12T16:23:31","guid":{"rendered":"http:\/\/c4trio.com\/site\/?p=325"},"modified":"2013-04-12T16:23:31","modified_gmt":"2013-04-12T16:23:31","slug":"puerto-candelaria-y-c4-trio-por-primera-vez-juntos-en-colombia","status":"publish","type":"post","link":"https:\/\/www.c4trio.com\/en\/puerto-candelaria-y-c4-trio-por-primera-vez-juntos-en-colombia\/","title":{"rendered":"Puerto Candelaria y C4 Tr\u00edo por primera vez juntos en Colombia"},"content":{"rendered":"<h3>COLOMBIA.-\u00a0Medell\u00edn y Cartagena ser\u00e1n los escenarios para los conciertos \u201cEntre Hermanos\u201d donde se reunir\u00e1 por primera vez dos agrupaciones musicales del momento: Puerto Candelaria de Colombia y C4 Tr\u00edo de Venezuela.<\/h3>\n<p>La agenda iniciar\u00e1 en Medell\u00edn el 18 de abril con un Taller en la Universidad EAFIT a las 9 de la ma\u00f1ana y en la noche tendr\u00e1 lugar el esperado el I concierto \u201cEntre Hermanos\u201d en el Teatrico a las 8 pm. El ticket VIP tiene un valor m\u00f3dico de $50.000 y General $30.000. La venta de boleter\u00eda est\u00e1 disponible en El Teatrico ubicado en la avenida Nutibara N\u00b0 2C \u2013 46 Laureles, Medell\u00edn, o llamando al tel\u00e9fono 4118878.<\/p>\n<p>Asimismo, la agenda contin\u00faa en Cartagena el 19 de abril, donde los integrantes de las dos agrupaciones dictar\u00e1n un Taller en la Universidad Jorge Tadeo Lozano a las 9 de la ma\u00f1ana y en la noche presentar\u00e1n el II concierto \u201cEntre Hermanos\u201d en el Teatro Adolfo Mej\u00eda a las 8 pm. La entrada es libre, pero se recibir\u00e1n donaciones en el Teatro donde se expedir\u00e1 certificado.<\/p>\n<p>Cabe destacar que estas agrupaciones musicales ser\u00e1n los protagonistas del lanzamiento del \u201cIV Festival Cartagena de Indias Voces del Jazz\u201d, en un sentido homenaje al maestro Edy Mart\u00ednez, que se realizar\u00e1 entre el 27 de julio al 3 de agosto en la ciudad de Cartagena.<\/p>\n<h2>Fundaci\u00f3n Doble V\u00eda y Merl\u00edn Producciones<\/h2>\n<p>La Fundaci\u00f3n Doble V\u00eda es una organizaci\u00f3n que desarrolla una acci\u00f3n social en beneficio de la cultura al tiempo de promover diversas manifestaciones como la m\u00fasica, literatura, artes visuales, entre otras. En tal sentido, la Fundaci\u00f3n Doble V\u00eda trabaja en la promoci\u00f3n de la diversidad, apropiaci\u00f3n del patrimonio, inclusi\u00f3n social y el reconocimiento de los saberes de las comunidades como pilares de la integraci\u00f3n cultural.<\/p>\n<p>Merl\u00edn Producciones, es una organizaci\u00f3n dedicada a la producci\u00f3n, gesti\u00f3n musical y direcci\u00f3n art\u00edstica de bandas colombianas como Puerto Candelaria, La Rep\u00fablica, Mait\u00e9 Hontel\u00e9 y Tr\u00f3pico Big Band. Estas dos entidades se han unido en aras de promover la integraci\u00f3n musical en las naciones con los conciertos \u201cEntre Hermanos\u201d.<\/p>\n<h2>C4 Tr\u00edo: 3 cuatros y un bajo el\u00e9ctrico para exportar<\/h2>\n<p>La agrupaci\u00f3n C4 Tr\u00edo vuelve al escenario musical despu\u00e9s de consagrarse como ganadores en la categor\u00eda \u201cEnsamble Nuevo Formato\u201d del Festival de Joropo de Villavicencio en el a\u00f1o 2011.<\/p>\n<p>Desde sus inicios en la escena musical venezolana, el p\u00fablico ha elogiado a estos j\u00f3venes instrumentistas, haci\u00e9ndolos acreedores de tres Discos de Oro en ventas por sus dos producciones C4 Tr\u00edo (2006) y Entre Manos (2009). Asimismo, su m\u00e1s reciente disco Gualberto + C4 ha tenido una excelente recepci\u00f3n por parte de la cr\u00edtica y el p\u00fablico, bautizando la placa a casa llena en la Sala R\u00edos Reyna del Teatro Teresa Carre\u00f1o de Caracas.<\/p>\n<p>H\u00e9ctor Molina (M\u00e9rida), Edward Ram\u00edrez (Caracas), Jorge Glem (Cuman\u00e1) y Rodner Padilla (Punto Fijo) conforman uno de los ensambles m\u00e1s innovadores de la actualidad musical. Su formato inusual -un tr\u00edo de cuatros y un bajo el\u00e9ctrico- le permite explorar sonoridades provenientes del joropo, la m\u00fasica tradicional venezolana y el jazz, entre otras expresiones con temas como \u201cA mis hermanos\u201d de Aquiles B\u00e1ez, \u201cIsn\u2019t she lovely\u201d de Stevie Wonder y \u201cNorwegian Wood\u201d de The Beatles.<\/p>\n<p>En el a\u00f1o 2010 el grupo emprendi\u00f3 una importante gira por Estados Unidos que incluy\u00f3 su debut en Berklee College of Music de Boston.<\/p>\n<p>Su talento lo han medido en tarima con figuras como Gilberto Santarosa, Jorge Drexler y Rafael \u201cEl Pollo\u201d Brito, y su m\u00fasica ha cautivado a las audiencias de Brasil, Uruguay, M\u00e9xico, Ecuador e Inglaterra.<\/p>\n<h2>Puerto Candelaria: Contradictorios ritmos colombianos<\/h2>\n<p>Puerto Candelaria surge del milagroso encuentro de 6 talentosos m\u00fasicos agrupados y guiados por el genio compositor Juancho Valencia, y decididos ciegamente a crear una manera totalmente nueva y original de escuchar y ver la m\u00fasica colombiana.<\/p>\n<p>Puerto Candelaria es a su vez el lugar sonoro, imaginario y a la vez real, donde habitan sus integrantes y todas las personas que decidan dejarse llevar por los sonidos del Puerto.<\/p>\n<p>Sus fundadores, nunca imaginaron que una d\u00e9cada despu\u00e9s su proyecto se convertir\u00eda en la propuesta musical m\u00e1s atrevida, controversial e innovadora de los \u00faltimos tiempos en Colombia.<\/p>\n<p>Puerto Candelaria basa su sonoridad en ritmos colombianos populares, y los llena de imaginaci\u00f3n y realismo fant\u00e1stico, provocando los sentidos y suscitando las emociones de su p\u00fablico en todo el mundo, que lo consolida como uno de los grandes representantes de la m\u00fasica en Colombia.<\/p>\n<p>Puerto Candelaria es el fundador de contradictorios ritmos tales como: Cumbia Underground y Jazz a lo Colombiano, y es el responsable de incluir a Colombia en el mercado mundial del Jazz, la M\u00fasica Experimental y la World Music.<\/p>\n<p>Con 20 giras internacionales que incluyen m\u00e1s de 40 ciudades en Centroam\u00e9rica, Suram\u00e9rica, Europa y Asia, Puerto Candelaria ha superado el mill\u00f3n de espectadores.<\/p>\n<p><a title=\"Agenda\" href=\"http:\/\/www.equilibrioinformativo.com\/wp-content\/uploads\/2013\/04\/Agenda.jpg\" rel=\"lightbox[35042]\"><img loading=\"lazy\" decoding=\"async\" title=\"Agenda\" alt=\"Agenda\" src=\"http:\/\/www.equilibrioinformativo.com\/wp-content\/uploads\/2013\/04\/Agenda.jpg\" width=\"606\" height=\"201\" \/><\/a><\/p>\n<p>Agenda Conciertos Medell\u00edn y Cartagena<\/p>\n<p><a title=\"MedellinSponsors\" href=\"http:\/\/www.equilibrioinformativo.com\/wp-content\/uploads\/2013\/04\/MedellinSponsors.jpg\" rel=\"lightbox[35042]\"><img loading=\"lazy\" decoding=\"async\" title=\"MedellinSponsors\" alt=\"\" src=\"http:\/\/www.equilibrioinformativo.com\/wp-content\/uploads\/2013\/04\/MedellinSponsors.jpg\" width=\"640\" height=\"480\" \/><\/a><\/p>\n<p><em>Para contactos de prensa:<\/em><\/p>\n<p><em>Andreina Oro\u00f1o<br \/>\nCNP: 12040<br \/>\nTelf. 321 218 66 86<br \/>\nEmail\u00a0<a href=\"mailto:andreinaorono@periodistas.com\" target=\"_blank\" rel=\"noopener noreferrer\">andreinaorono@periodistas.com<br \/>\n<\/a>M\u00e1s informaci\u00f3n en\u00a0<a href=\"http:\/\/www.xn--fundacindoblevia-cvb.org\/\" target=\"_blank\" rel=\"noopener noreferrer\">www.fundaci\u00f3ndoblevia.org<br \/>\n<\/a>Informaci\u00f3n sobre C4 Tr\u00edo\u00a0<a href=\"http:\/\/www.c4trio.com\/\" target=\"_blank\" rel=\"noopener noreferrer\">www.c4trio.com<br \/>\n<\/a>Informaci\u00f3n sobre Puerto Candelaria\u00a0<a href=\"http:\/\/www.puertocandelaria.com\/\" target=\"_blank\" rel=\"noopener noreferrer\">www.puertocandelaria.com<\/a><\/em><\/p>\n","protected":false},"excerpt":{"rendered":"<p>COLOMBIA.-\u00a0Medell\u00edn y Cartagena ser\u00e1n los escenarios para los conciertos \u201cEntre Hermanos\u201d donde se reunir\u00e1 por primera vez dos agrupaciones musicales del momento: Puerto Candelaria de Colombia y C4 Tr\u00edo de Venezuela. La agenda iniciar\u00e1 en Medell\u00edn el 18 de abril con un Taller en la&#8230;<\/p>","protected":false},"author":2,"featured_media":0,"comment_status":"open","ping_status":"open","sticky":false,"template":"","format":"standard","meta":{"footnotes":""},"categories":[12],"tags":[],"class_list":["post-325","post","type-post","status-publish","format-standard","hentry","category-conciertos-es"],"yoast_head":"<!-- This site is optimized with the Yoast SEO plugin v27.1.1 - https:\/\/yoast.com\/product\/yoast-seo-wordpress\/ -->\n<title>Puerto Candelaria y C4 Tr\u00edo por primera vez juntos en Colombia - C4 Tr\u00edo<\/title>\n<meta name=\"robots\" content=\"index, follow, max-snippet:-1, max-image-preview:large, max-video-preview:-1\" \/>\n<link rel=\"canonical\" href=\"https:\/\/www.c4trio.com\/en\/puerto-candelaria-y-c4-trio-por-primera-vez-juntos-en-colombia\/\" \/>\n<meta property=\"og:locale\" content=\"en_US\" \/>\n<meta property=\"og:type\" content=\"article\" \/>\n<meta property=\"og:title\" content=\"Puerto Candelaria y C4 Tr\u00edo por primera vez juntos en Colombia - C4 Tr\u00edo\" \/>\n<meta property=\"og:description\" content=\"COLOMBIA.-\u00a0Medell\u00edn y Cartagena ser\u00e1n los escenarios para los conciertos \u201cEntre Hermanos\u201d donde se reunir\u00e1 por primera vez dos agrupaciones musicales del momento: Puerto Candelaria de Colombia y C4 Tr\u00edo de Venezuela. La agenda iniciar\u00e1 en Medell\u00edn el 18 de abril con un Taller en la...\" \/>\n<meta property=\"og:url\" content=\"https:\/\/www.c4trio.com\/en\/puerto-candelaria-y-c4-trio-por-primera-vez-juntos-en-colombia\/\" \/>\n<meta property=\"og:site_name\" content=\"C4 Tr\u00edo\" \/>\n<meta property=\"article:publisher\" content=\"https:\/\/www.facebook.com\/profile.php?id=100050537467192\" \/>\n<meta property=\"article:published_time\" content=\"2013-04-12T16:23:31+00:00\" \/>\n<meta property=\"og:image\" content=\"http:\/\/www.equilibrioinformativo.com\/wp-content\/uploads\/2013\/04\/Agenda.jpg\" \/>\n<meta name=\"author\" content=\"C4 Tr\u00edo\" \/>\n<meta name=\"twitter:card\" content=\"summary_large_image\" \/>\n<meta name=\"twitter:creator\" content=\"@c4trio\" \/>\n<meta name=\"twitter:site\" content=\"@c4trio\" \/>\n<meta name=\"twitter:label1\" content=\"Written by\" \/>\n\t<meta name=\"twitter:data1\" content=\"C4 Tr\u00edo\" \/>\n\t<meta name=\"twitter:label2\" content=\"Est. reading time\" \/>\n\t<meta name=\"twitter:data2\" content=\"5 minutes\" \/>\n<script type=\"application\/ld+json\" class=\"yoast-schema-graph\">{\"@context\":\"https:\/\/schema.org\",\"@graph\":[{\"@type\":\"Article\",\"@id\":\"https:\/\/www.c4trio.com\/puerto-candelaria-y-c4-trio-por-primera-vez-juntos-en-colombia\/#article\",\"isPartOf\":{\"@id\":\"https:\/\/www.c4trio.com\/puerto-candelaria-y-c4-trio-por-primera-vez-juntos-en-colombia\/\"},\"author\":{\"name\":\"C4 Tr\u00edo\",\"@id\":\"https:\/\/www.c4trio.com\/#\/schema\/person\/249b7bec572d8e6acda4a2844fa0d812\"},\"headline\":\"Puerto Candelaria y C4 Tr\u00edo por primera vez juntos en Colombia\",\"datePublished\":\"2013-04-12T16:23:31+00:00\",\"mainEntityOfPage\":{\"@id\":\"https:\/\/www.c4trio.com\/puerto-candelaria-y-c4-trio-por-primera-vez-juntos-en-colombia\/\"},\"wordCount\":916,\"commentCount\":0,\"publisher\":{\"@id\":\"https:\/\/www.c4trio.com\/#organization\"},\"image\":{\"@id\":\"https:\/\/www.c4trio.com\/puerto-candelaria-y-c4-trio-por-primera-vez-juntos-en-colombia\/#primaryimage\"},\"thumbnailUrl\":\"http:\/\/www.equilibrioinformativo.com\/wp-content\/uploads\/2013\/04\/Agenda.jpg\",\"articleSection\":[\"Conciertos\"],\"inLanguage\":\"en-US\",\"potentialAction\":[{\"@type\":\"CommentAction\",\"name\":\"Comment\",\"target\":[\"https:\/\/www.c4trio.com\/puerto-candelaria-y-c4-trio-por-primera-vez-juntos-en-colombia\/#respond\"]}]},{\"@type\":\"WebPage\",\"@id\":\"https:\/\/www.c4trio.com\/puerto-candelaria-y-c4-trio-por-primera-vez-juntos-en-colombia\/\",\"url\":\"https:\/\/www.c4trio.com\/puerto-candelaria-y-c4-trio-por-primera-vez-juntos-en-colombia\/\",\"name\":\"Puerto Candelaria y C4 Tr\u00edo por primera vez juntos en Colombia - C4 Tr\u00edo\",\"isPartOf\":{\"@id\":\"https:\/\/www.c4trio.com\/#website\"},\"primaryImageOfPage\":{\"@id\":\"https:\/\/www.c4trio.com\/puerto-candelaria-y-c4-trio-por-primera-vez-juntos-en-colombia\/#primaryimage\"},\"image\":{\"@id\":\"https:\/\/www.c4trio.com\/puerto-candelaria-y-c4-trio-por-primera-vez-juntos-en-colombia\/#primaryimage\"},\"thumbnailUrl\":\"http:\/\/www.equilibrioinformativo.com\/wp-content\/uploads\/2013\/04\/Agenda.jpg\",\"datePublished\":\"2013-04-12T16:23:31+00:00\",\"breadcrumb\":{\"@id\":\"https:\/\/www.c4trio.com\/puerto-candelaria-y-c4-trio-por-primera-vez-juntos-en-colombia\/#breadcrumb\"},\"inLanguage\":\"en-US\",\"potentialAction\":[{\"@type\":\"ReadAction\",\"target\":[\"https:\/\/www.c4trio.com\/puerto-candelaria-y-c4-trio-por-primera-vez-juntos-en-colombia\/\"]}]},{\"@type\":\"ImageObject\",\"inLanguage\":\"en-US\",\"@id\":\"https:\/\/www.c4trio.com\/puerto-candelaria-y-c4-trio-por-primera-vez-juntos-en-colombia\/#primaryimage\",\"url\":\"http:\/\/www.equilibrioinformativo.com\/wp-content\/uploads\/2013\/04\/Agenda.jpg\",\"contentUrl\":\"http:\/\/www.equilibrioinformativo.com\/wp-content\/uploads\/2013\/04\/Agenda.jpg\"},{\"@type\":\"BreadcrumbList\",\"@id\":\"https:\/\/www.c4trio.com\/puerto-candelaria-y-c4-trio-por-primera-vez-juntos-en-colombia\/#breadcrumb\",\"itemListElement\":[{\"@type\":\"ListItem\",\"position\":1,\"name\":\"Portada\",\"item\":\"https:\/\/www.c4trio.com\/\"},{\"@type\":\"ListItem\",\"position\":2,\"name\":\"Puerto Candelaria y C4 Tr\u00edo por primera vez juntos en Colombia\"}]},{\"@type\":\"WebSite\",\"@id\":\"https:\/\/www.c4trio.com\/#website\",\"url\":\"https:\/\/www.c4trio.com\/\",\"name\":\"C4 Tr\u00edo\",\"description\":\"P\u00e1gina Oficial\",\"publisher\":{\"@id\":\"https:\/\/www.c4trio.com\/#organization\"},\"potentialAction\":[{\"@type\":\"SearchAction\",\"target\":{\"@type\":\"EntryPoint\",\"urlTemplate\":\"https:\/\/www.c4trio.com\/?s={search_term_string}\"},\"query-input\":{\"@type\":\"PropertyValueSpecification\",\"valueRequired\":true,\"valueName\":\"search_term_string\"}}],\"inLanguage\":\"en-US\"},{\"@type\":\"Organization\",\"@id\":\"https:\/\/www.c4trio.com\/#organization\",\"name\":\"C4 Tr\u00edo\",\"url\":\"https:\/\/www.c4trio.com\/\",\"logo\":{\"@type\":\"ImageObject\",\"inLanguage\":\"en-US\",\"@id\":\"https:\/\/www.c4trio.com\/#\/schema\/logo\/image\/\",\"url\":\"https:\/\/www.c4trio.com\/wp-content\/uploads\/2016\/09\/logo.png\",\"contentUrl\":\"https:\/\/www.c4trio.com\/wp-content\/uploads\/2016\/09\/logo.png\",\"width\":365,\"height\":80,\"caption\":\"C4 Tr\u00edo\"},\"image\":{\"@id\":\"https:\/\/www.c4trio.com\/#\/schema\/logo\/image\/\"},\"sameAs\":[\"https:\/\/www.facebook.com\/profile.php?id=100050537467192\",\"https:\/\/x.com\/c4trio\",\"https:\/\/www.instagram.com\/c4trio\"]},{\"@type\":\"Person\",\"@id\":\"https:\/\/www.c4trio.com\/#\/schema\/person\/249b7bec572d8e6acda4a2844fa0d812\",\"name\":\"C4 Tr\u00edo\",\"image\":{\"@type\":\"ImageObject\",\"inLanguage\":\"en-US\",\"@id\":\"https:\/\/www.c4trio.com\/#\/schema\/person\/image\/\",\"url\":\"https:\/\/secure.gravatar.com\/avatar\/1894410bb9863489db765918308901998aadc664706304b91f29adbff535b5a1?s=96&d=mm&r=g\",\"contentUrl\":\"https:\/\/secure.gravatar.com\/avatar\/1894410bb9863489db765918308901998aadc664706304b91f29adbff535b5a1?s=96&d=mm&r=g\",\"caption\":\"C4 Tr\u00edo\"},\"url\":\"https:\/\/www.c4trio.com\/en\/author\/c4trio\/\"}]}<\/script>\n<!-- \/ Yoast SEO plugin. -->","yoast_head_json":{"title":"Puerto Candelaria y C4 Tr\u00edo por primera vez juntos en Colombia - C4 Tr\u00edo","robots":{"index":"index","follow":"follow","max-snippet":"max-snippet:-1","max-image-preview":"max-image-preview:large","max-video-preview":"max-video-preview:-1"},"canonical":"https:\/\/www.c4trio.com\/en\/puerto-candelaria-y-c4-trio-por-primera-vez-juntos-en-colombia\/","og_locale":"en_US","og_type":"article","og_title":"Puerto Candelaria y C4 Tr\u00edo por primera vez juntos en Colombia - C4 Tr\u00edo","og_description":"COLOMBIA.-\u00a0Medell\u00edn y Cartagena ser\u00e1n los escenarios para los conciertos \u201cEntre Hermanos\u201d donde se reunir\u00e1 por primera vez dos agrupaciones musicales del momento: Puerto Candelaria de Colombia y C4 Tr\u00edo de Venezuela. La agenda iniciar\u00e1 en Medell\u00edn el 18 de abril con un Taller en la...","og_url":"https:\/\/www.c4trio.com\/en\/puerto-candelaria-y-c4-trio-por-primera-vez-juntos-en-colombia\/","og_site_name":"C4 Tr\u00edo","article_publisher":"https:\/\/www.facebook.com\/profile.php?id=100050537467192","article_published_time":"2013-04-12T16:23:31+00:00","og_image":[{"url":"http:\/\/www.equilibrioinformativo.com\/wp-content\/uploads\/2013\/04\/Agenda.jpg","type":"","width":"","height":""}],"author":"C4 Tr\u00edo","twitter_card":"summary_large_image","twitter_creator":"@c4trio","twitter_site":"@c4trio","twitter_misc":{"Written by":"C4 Tr\u00edo","Est. reading time":"5 minutes"},"schema":{"@context":"https:\/\/schema.org","@graph":[{"@type":"Article","@id":"https:\/\/www.c4trio.com\/puerto-candelaria-y-c4-trio-por-primera-vez-juntos-en-colombia\/#article","isPartOf":{"@id":"https:\/\/www.c4trio.com\/puerto-candelaria-y-c4-trio-por-primera-vez-juntos-en-colombia\/"},"author":{"name":"C4 Tr\u00edo","@id":"https:\/\/www.c4trio.com\/#\/schema\/person\/249b7bec572d8e6acda4a2844fa0d812"},"headline":"Puerto Candelaria y C4 Tr\u00edo por primera vez juntos en Colombia","datePublished":"2013-04-12T16:23:31+00:00","mainEntityOfPage":{"@id":"https:\/\/www.c4trio.com\/puerto-candelaria-y-c4-trio-por-primera-vez-juntos-en-colombia\/"},"wordCount":916,"commentCount":0,"publisher":{"@id":"https:\/\/www.c4trio.com\/#organization"},"image":{"@id":"https:\/\/www.c4trio.com\/puerto-candelaria-y-c4-trio-por-primera-vez-juntos-en-colombia\/#primaryimage"},"thumbnailUrl":"http:\/\/www.equilibrioinformativo.com\/wp-content\/uploads\/2013\/04\/Agenda.jpg","articleSection":["Conciertos"],"inLanguage":"en-US","potentialAction":[{"@type":"CommentAction","name":"Comment","target":["https:\/\/www.c4trio.com\/puerto-candelaria-y-c4-trio-por-primera-vez-juntos-en-colombia\/#respond"]}]},{"@type":"WebPage","@id":"https:\/\/www.c4trio.com\/puerto-candelaria-y-c4-trio-por-primera-vez-juntos-en-colombia\/","url":"https:\/\/www.c4trio.com\/puerto-candelaria-y-c4-trio-por-primera-vez-juntos-en-colombia\/","name":"Puerto Candelaria y C4 Tr\u00edo por primera vez juntos en Colombia - C4 Tr\u00edo","isPartOf":{"@id":"https:\/\/www.c4trio.com\/#website"},"primaryImageOfPage":{"@id":"https:\/\/www.c4trio.com\/puerto-candelaria-y-c4-trio-por-primera-vez-juntos-en-colombia\/#primaryimage"},"image":{"@id":"https:\/\/www.c4trio.com\/puerto-candelaria-y-c4-trio-por-primera-vez-juntos-en-colombia\/#primaryimage"},"thumbnailUrl":"http:\/\/www.equilibrioinformativo.com\/wp-content\/uploads\/2013\/04\/Agenda.jpg","datePublished":"2013-04-12T16:23:31+00:00","breadcrumb":{"@id":"https:\/\/www.c4trio.com\/puerto-candelaria-y-c4-trio-por-primera-vez-juntos-en-colombia\/#breadcrumb"},"inLanguage":"en-US","potentialAction":[{"@type":"ReadAction","target":["https:\/\/www.c4trio.com\/puerto-candelaria-y-c4-trio-por-primera-vez-juntos-en-colombia\/"]}]},{"@type":"ImageObject","inLanguage":"en-US","@id":"https:\/\/www.c4trio.com\/puerto-candelaria-y-c4-trio-por-primera-vez-juntos-en-colombia\/#primaryimage","url":"http:\/\/www.equilibrioinformativo.com\/wp-content\/uploads\/2013\/04\/Agenda.jpg","contentUrl":"http:\/\/www.equilibrioinformativo.com\/wp-content\/uploads\/2013\/04\/Agenda.jpg"},{"@type":"BreadcrumbList","@id":"https:\/\/www.c4trio.com\/puerto-candelaria-y-c4-trio-por-primera-vez-juntos-en-colombia\/#breadcrumb","itemListElement":[{"@type":"ListItem","position":1,"name":"Portada","item":"https:\/\/www.c4trio.com\/"},{"@type":"ListItem","position":2,"name":"Puerto Candelaria y C4 Tr\u00edo por primera vez juntos en Colombia"}]},{"@type":"WebSite","@id":"https:\/\/www.c4trio.com\/#website","url":"https:\/\/www.c4trio.com\/","name":"C4 Trio","description":"P\u00e1gina Oficial","publisher":{"@id":"https:\/\/www.c4trio.com\/#organization"},"potentialAction":[{"@type":"SearchAction","target":{"@type":"EntryPoint","urlTemplate":"https:\/\/www.c4trio.com\/?s={search_term_string}"},"query-input":{"@type":"PropertyValueSpecification","valueRequired":true,"valueName":"search_term_string"}}],"inLanguage":"en-US"},{"@type":"Organization","@id":"https:\/\/www.c4trio.com\/#organization","name":"C4 Trio","url":"https:\/\/www.c4trio.com\/","logo":{"@type":"ImageObject","inLanguage":"en-US","@id":"https:\/\/www.c4trio.com\/#\/schema\/logo\/image\/","url":"https:\/\/www.c4trio.com\/wp-content\/uploads\/2016\/09\/logo.png","contentUrl":"https:\/\/www.c4trio.com\/wp-content\/uploads\/2016\/09\/logo.png","width":365,"height":80,"caption":"C4 Tr\u00edo"},"image":{"@id":"https:\/\/www.c4trio.com\/#\/schema\/logo\/image\/"},"sameAs":["https:\/\/www.facebook.com\/profile.php?id=100050537467192","https:\/\/x.com\/c4trio","https:\/\/www.instagram.com\/c4trio"]},{"@type":"Person","@id":"https:\/\/www.c4trio.com\/#\/schema\/person\/249b7bec572d8e6acda4a2844fa0d812","name":"C4 Trio","image":{"@type":"ImageObject","inLanguage":"en-US","@id":"https:\/\/www.c4trio.com\/#\/schema\/person\/image\/","url":"https:\/\/secure.gravatar.com\/avatar\/1894410bb9863489db765918308901998aadc664706304b91f29adbff535b5a1?s=96&d=mm&r=g","contentUrl":"https:\/\/secure.gravatar.com\/avatar\/1894410bb9863489db765918308901998aadc664706304b91f29adbff535b5a1?s=96&d=mm&r=g","caption":"C4 Tr\u00edo"},"url":"https:\/\/www.c4trio.com\/en\/author\/c4trio\/"}]}},"_links":{"self":[{"href":"https:\/\/www.c4trio.com\/en\/wp-json\/wp\/v2\/posts\/325","targetHints":{"allow":["GET"]}}],"collection":[{"href":"https:\/\/www.c4trio.com\/en\/wp-json\/wp\/v2\/posts"}],"about":[{"href":"https:\/\/www.c4trio.com\/en\/wp-json\/wp\/v2\/types\/post"}],"author":[{"embeddable":true,"href":"https:\/\/www.c4trio.com\/en\/wp-json\/wp\/v2\/users\/2"}],"replies":[{"embeddable":true,"href":"https:\/\/www.c4trio.com\/en\/wp-json\/wp\/v2\/comments?post=325"}],"version-history":[{"count":0,"href":"https:\/\/www.c4trio.com\/en\/wp-json\/wp\/v2\/posts\/325\/revisions"}],"wp:attachment":[{"href":"https:\/\/www.c4trio.com\/en\/wp-json\/wp\/v2\/media?parent=325"}],"wp:term":[{"taxonomy":"category","embeddable":true,"href":"https:\/\/www.c4trio.com\/en\/wp-json\/wp\/v2\/categories?post=325"},{"taxonomy":"post_tag","embeddable":true,"href":"https:\/\/www.c4trio.com\/en\/wp-json\/wp\/v2\/tags?post=325"}],"curies":[{"name":"wp","href":"https:\/\/api.w.org\/{rel}","templated":true}]}}