{"id":2047,"date":"2019-04-02T19:34:20","date_gmt":"2019-04-02T19:34:20","guid":{"rendered":"http:\/\/c4trio.com\/site\/?p=2047"},"modified":"2020-05-14T07:07:27","modified_gmt":"2020-05-14T07:07:27","slug":"c4-trio-luis-enrique-primera-vez-juntos","status":"publish","type":"post","link":"https:\/\/www.c4trio.com\/en\/c4-trio-luis-enrique-primera-vez-juntos\/","title":{"rendered":"C4 Tr\u00edo y Luis Enrique por primera vez juntos"},"content":{"rendered":"<div id=\"yui_3_17_2_1_1554233374733_116\" class=\"entry-content\">\n<div id=\"yui_3_17_2_1_1554233374733_115\" class=\"e-content\">\n<div id=\"item-5c9b9d924785d395ba798f12\" class=\"sqs-layout sqs-grid-12 columns-12\" data-layout-label=\"Post Body\" data-type=\"item\" data-updated-on=\"1553702404915\">\n<div id=\"yui_3_17_2_1_1554233374733_114\" class=\"row sqs-row\">\n<div id=\"yui_3_17_2_1_1554233374733_113\" class=\"col sqs-col-12 span-12\">\n<div id=\"block-c3091ce7c20436bc270e\" class=\"sqs-block html-block sqs-block-html\" data-block-type=\"2\">\n<div class=\"sqs-block-content\">\n<p>Un maravilloso encuentro musical se vivir\u00e1 el pr\u00f3ximo <strong>28 de abril<\/strong> en la plataforma de <strong>Guataca Nights Houston<\/strong>, con la fusi\u00f3n del salsero nicarag\u00fcense <strong>Luis Enrique <\/strong>y la agrupaci\u00f3n de m\u00fasica tradicional venezolana <strong>C4 Trio<\/strong>. El evento tendr\u00e1 lugar en <strong>Mo\u2019s Place<\/strong>, a las <strong>8:30 pm<\/strong>.<\/p>\n<p>Durante la presentaci\u00f3n, el p\u00fablico asistente podr\u00e1 deleitarse con varias de las piezas que integran el \u00e1lbum en conjunto que <strong>Luis Enrique <\/strong>y <strong>C4 Trio <\/strong>est\u00e1n grabando actualmente. Se trata de obras originales, la mayor\u00eda de ellas pensadas y compuestas para este proyecto discogr\u00e1fico. Adem\u00e1s se interpretar\u00e1n diversos temas del repertorio habitual de ambos.<\/p>\n<p>Conocido como <strong>\u201cEl pr\u00edncipe de la salsa\u201d<\/strong>, <strong>Luis Enrique <\/strong>ha logrado construir una s\u00f3lida carrera que incluye m\u00e1s de diecis\u00e9is producciones discogr\u00e1ficas, varios discos de oro y platino, un <strong>Grammy<\/strong>, tres <strong>Latin Grammy<\/strong> y muchos otros reconocimientos. Como inst\u00e9rprete de percusi\u00f3n ha trabajado en diversos proyectos con <strong>Juan Luis Guerra<\/strong>, <strong>Gloria Estefan<\/strong>, <strong>Ricky Martin<\/strong>, <strong>Chayanne<\/strong>, <strong>Arturo Sandoval<\/strong>, <strong>Alex Acu\u00f1a Collective Soul<\/strong>, <strong>Diego Torres<\/strong> y <strong>Foreigner<\/strong>, entre otros.<\/p>\n<p>Por su parte, <strong>C4 Trio<\/strong> \u2014integrado por <strong>Jorge Glem<\/strong>, <strong>Edward Ramirez<\/strong>, <strong>Hector Molina<\/strong>, <strong>Rodner Padilla <\/strong>y <strong>Diego \u2018El Negro\u2019 \u00c1lvarez<\/strong>\u2014 tiene en su haber cinco \u00e1lbumes que le han galardonado con siete premios <strong>Pepsi Music<\/strong>, un <strong>Latin Grammy <\/strong>y una nominaci\u00f3n al <strong>Grammy<\/strong>. En 2015, el grupo celebr\u00f3 su primera d\u00e9cada de existencia con la grabaci\u00f3n del DVD <strong>10 C4<\/strong>.<\/p>\n<p>Para disfrutar de manera in\u00e9dita varios de los temas que <strong>Luis Enrique <\/strong>y <strong>C4 Trio <\/strong>est\u00e1n preparando en su nuevo disco, la invitaci\u00f3n es a asistir el pr\u00f3ximo <strong>28 de abril<\/strong>, a las <strong>8:30 pm<\/strong>, a <strong>Mo\u2019s Place<\/strong>. Las entradas pueden adquirirse en <strong>click.event.com<\/strong>. Para m\u00e1s informaci\u00f3n, visitar las cuentas <strong>@guatacahouston <\/strong>en Twitter, Facebook e Instagram y la web <strong>www.guatacanights.com\/usa<\/strong>.<img loading=\"lazy\" decoding=\"async\" class=\"aligncenter wp-image-2048\" src=\"http:\/\/c4trio.com\/site\/wp-content\/uploads\/2019\/04\/C4-Trio-y-Luis-en-Houston.jpg\" alt=\"\" width=\"484\" height=\"484\" \/><\/p>\n<\/div>\n<\/div>\n<\/div>\n<\/div>\n<\/div>\n<\/div>\n<\/div>","protected":false},"excerpt":{"rendered":"<p>Un maravilloso encuentro musical se vivir\u00e1 el pr\u00f3ximo 28 de abril en la plataforma de Guataca Nights Houston, con la fusi\u00f3n del salsero nicarag\u00fcense Luis Enrique y la agrupaci\u00f3n de m\u00fasica tradicional venezolana C4 Tr\u00edo. El evento tendr\u00e1 lugar en Mo\u2019s Place, a las 8:30&#8230;<\/p>","protected":false},"author":1,"featured_media":8833,"comment_status":"open","ping_status":"open","sticky":false,"template":"","format":"standard","meta":{"footnotes":""},"categories":[12,6],"tags":[],"class_list":["post-2047","post","type-post","status-publish","format-standard","has-post-thumbnail","hentry","category-conciertos-es","category-noticias-es"],"yoast_head":"<!-- This site is optimized with the Yoast SEO plugin v27.1.1 - https:\/\/yoast.com\/product\/yoast-seo-wordpress\/ -->\n<title>C4 Tr\u00edo y Luis Enrique por primera vez juntos - C4 Tr\u00edo<\/title>\n<meta name=\"robots\" content=\"index, follow, max-snippet:-1, max-image-preview:large, max-video-preview:-1\" \/>\n<link rel=\"canonical\" href=\"https:\/\/www.c4trio.com\/en\/c4-trio-luis-enrique-primera-vez-juntos\/\" \/>\n<meta property=\"og:locale\" content=\"en_US\" \/>\n<meta property=\"og:type\" content=\"article\" \/>\n<meta property=\"og:title\" content=\"C4 Tr\u00edo y Luis Enrique por primera vez juntos - C4 Tr\u00edo\" \/>\n<meta property=\"og:description\" content=\"Un maravilloso encuentro musical se vivir\u00e1 el pr\u00f3ximo 28 de abril en la plataforma de Guataca Nights Houston, con la fusi\u00f3n del salsero nicarag\u00fcense Luis Enrique y la agrupaci\u00f3n de m\u00fasica tradicional venezolana C4 Tr\u00edo. El evento tendr\u00e1 lugar en Mo\u2019s Place, a las 8:30...\" \/>\n<meta property=\"og:url\" content=\"https:\/\/www.c4trio.com\/en\/c4-trio-luis-enrique-primera-vez-juntos\/\" \/>\n<meta property=\"og:site_name\" content=\"C4 Tr\u00edo\" \/>\n<meta property=\"article:publisher\" content=\"https:\/\/www.facebook.com\/profile.php?id=100050537467192\" \/>\n<meta property=\"article:published_time\" content=\"2019-04-02T19:34:20+00:00\" \/>\n<meta property=\"article:modified_time\" content=\"2020-05-14T07:07:27+00:00\" \/>\n<meta property=\"og:image\" content=\"https:\/\/www.c4trio.com\/wp-content\/uploads\/2019\/04\/C4-Trio-y-Luis-en-Houston-640x640-1.jpg\" \/>\n\t<meta property=\"og:image:width\" content=\"640\" \/>\n\t<meta property=\"og:image:height\" content=\"640\" \/>\n\t<meta property=\"og:image:type\" content=\"image\/jpeg\" \/>\n<meta name=\"author\" content=\"josuar_umbrella\" \/>\n<meta name=\"twitter:card\" content=\"summary_large_image\" \/>\n<meta name=\"twitter:creator\" content=\"@c4trio\" \/>\n<meta name=\"twitter:site\" content=\"@c4trio\" \/>\n<meta name=\"twitter:label1\" content=\"Written by\" \/>\n\t<meta name=\"twitter:data1\" content=\"josuar_umbrella\" \/>\n\t<meta name=\"twitter:label2\" content=\"Est. reading time\" \/>\n\t<meta name=\"twitter:data2\" content=\"2 minutes\" \/>\n<script type=\"application\/ld+json\" class=\"yoast-schema-graph\">{\"@context\":\"https:\/\/schema.org\",\"@graph\":[{\"@type\":\"Article\",\"@id\":\"https:\/\/www.c4trio.com\/c4-trio-luis-enrique-primera-vez-juntos\/#article\",\"isPartOf\":{\"@id\":\"https:\/\/www.c4trio.com\/c4-trio-luis-enrique-primera-vez-juntos\/\"},\"author\":{\"name\":\"josuar_umbrella\",\"@id\":\"https:\/\/www.c4trio.com\/#\/schema\/person\/34827e0df8bd01ccb69a0da8c48487ed\"},\"headline\":\"C4 Tr\u00edo y Luis Enrique por primera vez juntos\",\"datePublished\":\"2019-04-02T19:34:20+00:00\",\"dateModified\":\"2020-05-14T07:07:27+00:00\",\"mainEntityOfPage\":{\"@id\":\"https:\/\/www.c4trio.com\/c4-trio-luis-enrique-primera-vez-juntos\/\"},\"wordCount\":335,\"commentCount\":0,\"publisher\":{\"@id\":\"https:\/\/www.c4trio.com\/#organization\"},\"image\":{\"@id\":\"https:\/\/www.c4trio.com\/c4-trio-luis-enrique-primera-vez-juntos\/#primaryimage\"},\"thumbnailUrl\":\"https:\/\/www.c4trio.com\/wp-content\/uploads\/2019\/04\/C4-Trio-y-Luis-en-Houston-640x640-1.jpg\",\"articleSection\":[\"Conciertos\",\"Noticias\"],\"inLanguage\":\"en-US\",\"potentialAction\":[{\"@type\":\"CommentAction\",\"name\":\"Comment\",\"target\":[\"https:\/\/www.c4trio.com\/c4-trio-luis-enrique-primera-vez-juntos\/#respond\"]}]},{\"@type\":\"WebPage\",\"@id\":\"https:\/\/www.c4trio.com\/c4-trio-luis-enrique-primera-vez-juntos\/\",\"url\":\"https:\/\/www.c4trio.com\/c4-trio-luis-enrique-primera-vez-juntos\/\",\"name\":\"C4 Tr\u00edo y Luis Enrique por primera vez juntos - C4 Tr\u00edo\",\"isPartOf\":{\"@id\":\"https:\/\/www.c4trio.com\/#website\"},\"primaryImageOfPage\":{\"@id\":\"https:\/\/www.c4trio.com\/c4-trio-luis-enrique-primera-vez-juntos\/#primaryimage\"},\"image\":{\"@id\":\"https:\/\/www.c4trio.com\/c4-trio-luis-enrique-primera-vez-juntos\/#primaryimage\"},\"thumbnailUrl\":\"https:\/\/www.c4trio.com\/wp-content\/uploads\/2019\/04\/C4-Trio-y-Luis-en-Houston-640x640-1.jpg\",\"datePublished\":\"2019-04-02T19:34:20+00:00\",\"dateModified\":\"2020-05-14T07:07:27+00:00\",\"breadcrumb\":{\"@id\":\"https:\/\/www.c4trio.com\/c4-trio-luis-enrique-primera-vez-juntos\/#breadcrumb\"},\"inLanguage\":\"en-US\",\"potentialAction\":[{\"@type\":\"ReadAction\",\"target\":[\"https:\/\/www.c4trio.com\/c4-trio-luis-enrique-primera-vez-juntos\/\"]}]},{\"@type\":\"ImageObject\",\"inLanguage\":\"en-US\",\"@id\":\"https:\/\/www.c4trio.com\/c4-trio-luis-enrique-primera-vez-juntos\/#primaryimage\",\"url\":\"https:\/\/www.c4trio.com\/wp-content\/uploads\/2019\/04\/C4-Trio-y-Luis-en-Houston-640x640-1.jpg\",\"contentUrl\":\"https:\/\/www.c4trio.com\/wp-content\/uploads\/2019\/04\/C4-Trio-y-Luis-en-Houston-640x640-1.jpg\",\"width\":640,\"height\":640},{\"@type\":\"BreadcrumbList\",\"@id\":\"https:\/\/www.c4trio.com\/c4-trio-luis-enrique-primera-vez-juntos\/#breadcrumb\",\"itemListElement\":[{\"@type\":\"ListItem\",\"position\":1,\"name\":\"Portada\",\"item\":\"https:\/\/www.c4trio.com\/\"},{\"@type\":\"ListItem\",\"position\":2,\"name\":\"C4 Tr\u00edo y Luis Enrique por primera vez juntos\"}]},{\"@type\":\"WebSite\",\"@id\":\"https:\/\/www.c4trio.com\/#website\",\"url\":\"https:\/\/www.c4trio.com\/\",\"name\":\"C4 Tr\u00edo\",\"description\":\"P\u00e1gina Oficial\",\"publisher\":{\"@id\":\"https:\/\/www.c4trio.com\/#organization\"},\"potentialAction\":[{\"@type\":\"SearchAction\",\"target\":{\"@type\":\"EntryPoint\",\"urlTemplate\":\"https:\/\/www.c4trio.com\/?s={search_term_string}\"},\"query-input\":{\"@type\":\"PropertyValueSpecification\",\"valueRequired\":true,\"valueName\":\"search_term_string\"}}],\"inLanguage\":\"en-US\"},{\"@type\":\"Organization\",\"@id\":\"https:\/\/www.c4trio.com\/#organization\",\"name\":\"C4 Tr\u00edo\",\"url\":\"https:\/\/www.c4trio.com\/\",\"logo\":{\"@type\":\"ImageObject\",\"inLanguage\":\"en-US\",\"@id\":\"https:\/\/www.c4trio.com\/#\/schema\/logo\/image\/\",\"url\":\"https:\/\/www.c4trio.com\/wp-content\/uploads\/2016\/09\/logo.png\",\"contentUrl\":\"https:\/\/www.c4trio.com\/wp-content\/uploads\/2016\/09\/logo.png\",\"width\":365,\"height\":80,\"caption\":\"C4 Tr\u00edo\"},\"image\":{\"@id\":\"https:\/\/www.c4trio.com\/#\/schema\/logo\/image\/\"},\"sameAs\":[\"https:\/\/www.facebook.com\/profile.php?id=100050537467192\",\"https:\/\/x.com\/c4trio\",\"https:\/\/www.instagram.com\/c4trio\"]},{\"@type\":\"Person\",\"@id\":\"https:\/\/www.c4trio.com\/#\/schema\/person\/34827e0df8bd01ccb69a0da8c48487ed\",\"name\":\"josuar_umbrella\",\"image\":{\"@type\":\"ImageObject\",\"inLanguage\":\"en-US\",\"@id\":\"https:\/\/www.c4trio.com\/#\/schema\/person\/image\/\",\"url\":\"https:\/\/secure.gravatar.com\/avatar\/d5546336be5d9d70d3a439237c09c9921c6569aad089976128d970ff59c770fe?s=96&d=mm&r=g\",\"contentUrl\":\"https:\/\/secure.gravatar.com\/avatar\/d5546336be5d9d70d3a439237c09c9921c6569aad089976128d970ff59c770fe?s=96&d=mm&r=g\",\"caption\":\"josuar_umbrella\"},\"sameAs\":[\"https:\/\/josuarochoa.com\/c4trio\"],\"url\":\"https:\/\/www.c4trio.com\/en\/author\/josuar_umbrella\/\"}]}<\/script>\n<!-- \/ Yoast SEO plugin. -->","yoast_head_json":{"title":"C4 Tr\u00edo y Luis Enrique por primera vez juntos - C4 Tr\u00edo","robots":{"index":"index","follow":"follow","max-snippet":"max-snippet:-1","max-image-preview":"max-image-preview:large","max-video-preview":"max-video-preview:-1"},"canonical":"https:\/\/www.c4trio.com\/en\/c4-trio-luis-enrique-primera-vez-juntos\/","og_locale":"en_US","og_type":"article","og_title":"C4 Tr\u00edo y Luis Enrique por primera vez juntos - C4 Tr\u00edo","og_description":"Un maravilloso encuentro musical se vivir\u00e1 el pr\u00f3ximo 28 de abril en la plataforma de Guataca Nights Houston, con la fusi\u00f3n del salsero nicarag\u00fcense Luis Enrique y la agrupaci\u00f3n de m\u00fasica tradicional venezolana C4 Tr\u00edo. El evento tendr\u00e1 lugar en Mo\u2019s Place, a las 8:30...","og_url":"https:\/\/www.c4trio.com\/en\/c4-trio-luis-enrique-primera-vez-juntos\/","og_site_name":"C4 Tr\u00edo","article_publisher":"https:\/\/www.facebook.com\/profile.php?id=100050537467192","article_published_time":"2019-04-02T19:34:20+00:00","article_modified_time":"2020-05-14T07:07:27+00:00","og_image":[{"width":640,"height":640,"url":"https:\/\/www.c4trio.com\/wp-content\/uploads\/2019\/04\/C4-Trio-y-Luis-en-Houston-640x640-1.jpg","type":"image\/jpeg"}],"author":"josuar_umbrella","twitter_card":"summary_large_image","twitter_creator":"@c4trio","twitter_site":"@c4trio","twitter_misc":{"Written by":"josuar_umbrella","Est. reading time":"2 minutes"},"schema":{"@context":"https:\/\/schema.org","@graph":[{"@type":"Article","@id":"https:\/\/www.c4trio.com\/c4-trio-luis-enrique-primera-vez-juntos\/#article","isPartOf":{"@id":"https:\/\/www.c4trio.com\/c4-trio-luis-enrique-primera-vez-juntos\/"},"author":{"name":"josuar_umbrella","@id":"https:\/\/www.c4trio.com\/#\/schema\/person\/34827e0df8bd01ccb69a0da8c48487ed"},"headline":"C4 Tr\u00edo y Luis Enrique por primera vez juntos","datePublished":"2019-04-02T19:34:20+00:00","dateModified":"2020-05-14T07:07:27+00:00","mainEntityOfPage":{"@id":"https:\/\/www.c4trio.com\/c4-trio-luis-enrique-primera-vez-juntos\/"},"wordCount":335,"commentCount":0,"publisher":{"@id":"https:\/\/www.c4trio.com\/#organization"},"image":{"@id":"https:\/\/www.c4trio.com\/c4-trio-luis-enrique-primera-vez-juntos\/#primaryimage"},"thumbnailUrl":"https:\/\/www.c4trio.com\/wp-content\/uploads\/2019\/04\/C4-Trio-y-Luis-en-Houston-640x640-1.jpg","articleSection":["Conciertos","Noticias"],"inLanguage":"en-US","potentialAction":[{"@type":"CommentAction","name":"Comment","target":["https:\/\/www.c4trio.com\/c4-trio-luis-enrique-primera-vez-juntos\/#respond"]}]},{"@type":"WebPage","@id":"https:\/\/www.c4trio.com\/c4-trio-luis-enrique-primera-vez-juntos\/","url":"https:\/\/www.c4trio.com\/c4-trio-luis-enrique-primera-vez-juntos\/","name":"C4 Tr\u00edo y Luis Enrique por primera vez juntos - C4 Tr\u00edo","isPartOf":{"@id":"https:\/\/www.c4trio.com\/#website"},"primaryImageOfPage":{"@id":"https:\/\/www.c4trio.com\/c4-trio-luis-enrique-primera-vez-juntos\/#primaryimage"},"image":{"@id":"https:\/\/www.c4trio.com\/c4-trio-luis-enrique-primera-vez-juntos\/#primaryimage"},"thumbnailUrl":"https:\/\/www.c4trio.com\/wp-content\/uploads\/2019\/04\/C4-Trio-y-Luis-en-Houston-640x640-1.jpg","datePublished":"2019-04-02T19:34:20+00:00","dateModified":"2020-05-14T07:07:27+00:00","breadcrumb":{"@id":"https:\/\/www.c4trio.com\/c4-trio-luis-enrique-primera-vez-juntos\/#breadcrumb"},"inLanguage":"en-US","potentialAction":[{"@type":"ReadAction","target":["https:\/\/www.c4trio.com\/c4-trio-luis-enrique-primera-vez-juntos\/"]}]},{"@type":"ImageObject","inLanguage":"en-US","@id":"https:\/\/www.c4trio.com\/c4-trio-luis-enrique-primera-vez-juntos\/#primaryimage","url":"https:\/\/www.c4trio.com\/wp-content\/uploads\/2019\/04\/C4-Trio-y-Luis-en-Houston-640x640-1.jpg","contentUrl":"https:\/\/www.c4trio.com\/wp-content\/uploads\/2019\/04\/C4-Trio-y-Luis-en-Houston-640x640-1.jpg","width":640,"height":640},{"@type":"BreadcrumbList","@id":"https:\/\/www.c4trio.com\/c4-trio-luis-enrique-primera-vez-juntos\/#breadcrumb","itemListElement":[{"@type":"ListItem","position":1,"name":"Portada","item":"https:\/\/www.c4trio.com\/"},{"@type":"ListItem","position":2,"name":"C4 Tr\u00edo y Luis Enrique por primera vez juntos"}]},{"@type":"WebSite","@id":"https:\/\/www.c4trio.com\/#website","url":"https:\/\/www.c4trio.com\/","name":"C4 Trio","description":"P\u00e1gina Oficial","publisher":{"@id":"https:\/\/www.c4trio.com\/#organization"},"potentialAction":[{"@type":"SearchAction","target":{"@type":"EntryPoint","urlTemplate":"https:\/\/www.c4trio.com\/?s={search_term_string}"},"query-input":{"@type":"PropertyValueSpecification","valueRequired":true,"valueName":"search_term_string"}}],"inLanguage":"en-US"},{"@type":"Organization","@id":"https:\/\/www.c4trio.com\/#organization","name":"C4 Trio","url":"https:\/\/www.c4trio.com\/","logo":{"@type":"ImageObject","inLanguage":"en-US","@id":"https:\/\/www.c4trio.com\/#\/schema\/logo\/image\/","url":"https:\/\/www.c4trio.com\/wp-content\/uploads\/2016\/09\/logo.png","contentUrl":"https:\/\/www.c4trio.com\/wp-content\/uploads\/2016\/09\/logo.png","width":365,"height":80,"caption":"C4 Tr\u00edo"},"image":{"@id":"https:\/\/www.c4trio.com\/#\/schema\/logo\/image\/"},"sameAs":["https:\/\/www.facebook.com\/profile.php?id=100050537467192","https:\/\/x.com\/c4trio","https:\/\/www.instagram.com\/c4trio"]},{"@type":"Person","@id":"https:\/\/www.c4trio.com\/#\/schema\/person\/34827e0df8bd01ccb69a0da8c48487ed","name":"josuar_umbrella","image":{"@type":"ImageObject","inLanguage":"en-US","@id":"https:\/\/www.c4trio.com\/#\/schema\/person\/image\/","url":"https:\/\/secure.gravatar.com\/avatar\/d5546336be5d9d70d3a439237c09c9921c6569aad089976128d970ff59c770fe?s=96&d=mm&r=g","contentUrl":"https:\/\/secure.gravatar.com\/avatar\/d5546336be5d9d70d3a439237c09c9921c6569aad089976128d970ff59c770fe?s=96&d=mm&r=g","caption":"josuar_umbrella"},"sameAs":["https:\/\/josuarochoa.com\/c4trio"],"url":"https:\/\/www.c4trio.com\/en\/author\/josuar_umbrella\/"}]}},"_links":{"self":[{"href":"https:\/\/www.c4trio.com\/en\/wp-json\/wp\/v2\/posts\/2047","targetHints":{"allow":["GET"]}}],"collection":[{"href":"https:\/\/www.c4trio.com\/en\/wp-json\/wp\/v2\/posts"}],"about":[{"href":"https:\/\/www.c4trio.com\/en\/wp-json\/wp\/v2\/types\/post"}],"author":[{"embeddable":true,"href":"https:\/\/www.c4trio.com\/en\/wp-json\/wp\/v2\/users\/1"}],"replies":[{"embeddable":true,"href":"https:\/\/www.c4trio.com\/en\/wp-json\/wp\/v2\/comments?post=2047"}],"version-history":[{"count":1,"href":"https:\/\/www.c4trio.com\/en\/wp-json\/wp\/v2\/posts\/2047\/revisions"}],"predecessor-version":[{"id":8832,"href":"https:\/\/www.c4trio.com\/en\/wp-json\/wp\/v2\/posts\/2047\/revisions\/8832"}],"wp:featuredmedia":[{"embeddable":true,"href":"https:\/\/www.c4trio.com\/en\/wp-json\/wp\/v2\/media\/8833"}],"wp:attachment":[{"href":"https:\/\/www.c4trio.com\/en\/wp-json\/wp\/v2\/media?parent=2047"}],"wp:term":[{"taxonomy":"category","embeddable":true,"href":"https:\/\/www.c4trio.com\/en\/wp-json\/wp\/v2\/categories?post=2047"},{"taxonomy":"post_tag","embeddable":true,"href":"https:\/\/www.c4trio.com\/en\/wp-json\/wp\/v2\/tags?post=2047"}],"curies":[{"name":"wp","href":"https:\/\/api.w.org\/{rel}","templated":true}]}}