{"id":1947,"date":"2018-06-28T19:59:58","date_gmt":"2018-06-28T19:59:58","guid":{"rendered":"http:\/\/c4trio.com\/site\/?p=1947"},"modified":"2020-05-14T07:08:07","modified_gmt":"2020-05-14T07:08:07","slug":"c4-trio-vuelve-europa-european-tour-2018","status":"publish","type":"post","link":"https:\/\/www.c4trio.com\/en\/c4-trio-vuelve-europa-european-tour-2018\/","title":{"rendered":"C4 Tr\u00edo vuelve a Europa este 2018"},"content":{"rendered":"<h2>CA M\u00fasica presenta el European Tour 2018 de C4 Tr\u00edo quienes llevaran el Cuatro Venezolano a 5 pa\u00edses del viejo continente.<\/h2>\n<p>El <strong>21 de julio<\/strong> ser\u00e1 el primer concierto en la ciudad de <strong>Sines en Portugal<\/strong> como parte de la programaci\u00f3n de uno de los festivales europeos m\u00e1s importantes de world music; el Festival M\u00fasicas do Mundo. C4 Tr\u00edo estar\u00e1 en en Porto Covo \u2013 Largo Marques de Pombal a las 19:00h con entrada libre.<\/p>\n<p>La segunda parada del tour ser\u00e1 en Espa\u00f1a, en la ciudad de <strong>Barcelona el 26 de julio<\/strong> a las 21:00h en la sala Artte.<\/p>\n<p>De all\u00ed el C4 Tr\u00edo partir\u00e1 a la ciudad de <strong>N\u00fcrenberg en Alemania<\/strong> para participar en el Bardentreffen Festival el <strong>s\u00e1bado 28 de julio<\/strong> a las 18:00h en Tr\u00f6delmarkt.<\/p>\n<p>En el <strong>Castello di Tagliolo<\/strong> ser\u00e1 la primera vez que C4 Tr\u00edo suene sus cuatros en <strong>Italia<\/strong>. All\u00ed participar\u00e1n en el Vibes in the Garden el <strong>29 de julio<\/strong>.<\/p>\n<p>La ciudad de <strong>Lyon<\/strong> ser\u00e1 donde C4 haga su debut en <strong>Francia<\/strong>, otro de los pa\u00edses que visitar\u00e1 por primera vez para participar en Le Festival Du P\u00e9ristyle con tres d\u00edas de participaci\u00f3n, <strong>el 30, 31 de julio y 1ro de agosto<\/strong>. Cada d\u00eda habr\u00e1 tres sets, a las 19:00h, 20:15h y a las 22:00h. Todas las funciones son gratuitas.<\/p>\n<p>El cierre del European Tour 2018 ser\u00e1 en la ciudad de <strong>Madrid<\/strong> bajo el marco de Noches de Guataca, la plataforma venezolana que desde su fundaci\u00f3n ha sido fundamental en la carrera art\u00edstica de C4 Tr\u00edo. El Caf\u00e9 Berlin de la capital espa\u00f1ola recibir\u00e1 por tercera vez a los venezolanos que cerrar\u00e1n su tour europeo <strong>el 2 de agosto<\/strong>.<\/p>\n<p>&nbsp;<\/p>\n<p>M\u00e1s informaci\u00f3n en:<\/p>\n<p>www.c4trio.com<\/p>\n<p>Twitter e Instagram: @c4trio<\/p>\n<p>Facebook: C4 Tr\u00edo<\/p>\n<p>&nbsp;<\/p>\n<p>&nbsp;<\/p>\n<h2>CA Musica presents the European Tour 2018 of C4 Trio who will take the Venezuelan Cuatro to 5 countries of the old continent.<\/h2>\n<p>On <strong>July 21<\/strong> will be the first concert in the city of <strong>Sines in Portugal<\/strong> as part of the programming of one of the most important European festivals of world music; the Festival M\u00fasicas do Mundo. C4 Trio will be at Porto Covo &#8211; Largo Marques de Pombal at 7pm with free admission.<\/p>\n<p>The second stop of the tour will be in <strong>Spain<\/strong>, in the city of <strong>Barcelona<\/strong> on <strong>July 26<\/strong> at 9:00 pm in the Sala Artte.<\/p>\n<p>From there the C4 Trio will depart to the city of <strong>N\u00fcrenberg in Germany<\/strong> to participate in the Bardentreffen Festival on Saturday, <strong>July 28<\/strong> at 6:00 pm at Tr\u00f6delmarkt.<\/p>\n<p>In the <strong>Castello di Tagliolo<\/strong> it will be the first time that C4 Trio has played its cuatros <strong>in Italy<\/strong>. There they will participate in the Vibes in the Garden on <strong>July 29<\/strong>.<\/p>\n<p>The city of <strong>Lyon<\/strong> will be where C4 makes its debut in <strong>France<\/strong>, another of the countries that will visit for the first time to participate in Le Festival Du P\u00e9ristyle with three days of participation, on J<strong>uly 30, 31 and August 1<\/strong>. Each day there will be three sets, at 7:00 p.m., 8:15 p.m. and at 10:00 p.m. All functions are free.<\/p>\n<p>The closing of the European Tour 2018 will be in the city of <strong>Madrid<\/strong> under the framework of Noches de Guataca, the Venezuelan platform that since its foundation has been fundamental in the artistic career of C4 Trio. The Caf\u00e9 Berlin of the Spanish capital will receive for the third time the Venezuelans who will close their European tour on <strong>August 2<\/strong>.<\/p>\n<p>&nbsp;<\/p>\n<p>More information in:<\/p>\n<p>www.c4trio.com<\/p>\n<p>Twitter and Instagram: @c4trio<\/p>\n<p>Facebook: C4 Tr\u00edo<\/p>\n<p><img loading=\"lazy\" decoding=\"async\" class=\"wp-image-1949 alignleft\" src=\"http:\/\/c4trio.com\/site\/wp-content\/uploads\/2018\/06\/European-Tour-Cuadrado.jpg\" alt=\"\" width=\"617\" height=\"617\" \/><\/p>","protected":false},"excerpt":{"rendered":"<p>CA M\u00fasica presenta el European Tour 2018 de C4 Tr\u00edo quienes llevaran el Cuatro Venezolano a 5 pa\u00edses del viejo continente. El 21 de julio ser\u00e1 el primer concierto en la ciudad de Sines en Portugal como parte de la programaci\u00f3n de uno de los&#8230;<\/p>","protected":false},"author":1,"featured_media":8839,"comment_status":"open","ping_status":"open","sticky":false,"template":"","format":"standard","meta":{"footnotes":""},"categories":[1],"tags":[],"class_list":["post-1947","post","type-post","status-publish","format-standard","has-post-thumbnail","hentry","category-sin-categoria"],"yoast_head":"<!-- This site is optimized with the Yoast SEO plugin v27.1.1 - https:\/\/yoast.com\/product\/yoast-seo-wordpress\/ -->\n<title>C4 Tr\u00edo vuelve a Europa este 2018 - C4 Tr\u00edo<\/title>\n<meta name=\"robots\" content=\"index, follow, max-snippet:-1, max-image-preview:large, max-video-preview:-1\" \/>\n<link rel=\"canonical\" href=\"https:\/\/www.c4trio.com\/en\/c4-trio-vuelve-europa-european-tour-2018\/\" \/>\n<meta property=\"og:locale\" content=\"en_US\" \/>\n<meta property=\"og:type\" content=\"article\" \/>\n<meta property=\"og:title\" content=\"C4 Tr\u00edo vuelve a Europa este 2018 - C4 Tr\u00edo\" \/>\n<meta property=\"og:description\" content=\"CA M\u00fasica presenta el European Tour 2018 de C4 Tr\u00edo quienes llevaran el Cuatro Venezolano a 5 pa\u00edses del viejo continente. El 21 de julio ser\u00e1 el primer concierto en la ciudad de Sines en Portugal como parte de la programaci\u00f3n de uno de los...\" \/>\n<meta property=\"og:url\" content=\"https:\/\/www.c4trio.com\/en\/c4-trio-vuelve-europa-european-tour-2018\/\" \/>\n<meta property=\"og:site_name\" content=\"C4 Tr\u00edo\" \/>\n<meta property=\"article:publisher\" content=\"https:\/\/www.facebook.com\/profile.php?id=100050537467192\" \/>\n<meta property=\"article:published_time\" content=\"2018-06-28T19:59:58+00:00\" \/>\n<meta property=\"article:modified_time\" content=\"2020-05-14T07:08:07+00:00\" \/>\n<meta property=\"og:image\" content=\"https:\/\/www.c4trio.com\/wp-content\/uploads\/2018\/06\/European-Tour-Cuadrado.jpg\" \/>\n\t<meta property=\"og:image:width\" content=\"2480\" \/>\n\t<meta property=\"og:image:height\" content=\"2480\" \/>\n\t<meta property=\"og:image:type\" content=\"image\/jpeg\" \/>\n<meta name=\"author\" content=\"josuar_umbrella\" \/>\n<meta name=\"twitter:card\" content=\"summary_large_image\" \/>\n<meta name=\"twitter:creator\" content=\"@c4trio\" \/>\n<meta name=\"twitter:site\" content=\"@c4trio\" \/>\n<meta name=\"twitter:label1\" content=\"Written by\" \/>\n\t<meta name=\"twitter:data1\" content=\"josuar_umbrella\" \/>\n\t<meta name=\"twitter:label2\" content=\"Est. reading time\" \/>\n\t<meta name=\"twitter:data2\" content=\"3 minutes\" \/>\n<script type=\"application\/ld+json\" class=\"yoast-schema-graph\">{\"@context\":\"https:\/\/schema.org\",\"@graph\":[{\"@type\":\"Article\",\"@id\":\"https:\/\/www.c4trio.com\/c4-trio-vuelve-europa-european-tour-2018\/#article\",\"isPartOf\":{\"@id\":\"https:\/\/www.c4trio.com\/c4-trio-vuelve-europa-european-tour-2018\/\"},\"author\":{\"name\":\"josuar_umbrella\",\"@id\":\"https:\/\/www.c4trio.com\/#\/schema\/person\/34827e0df8bd01ccb69a0da8c48487ed\"},\"headline\":\"C4 Tr\u00edo vuelve a Europa este 2018\",\"datePublished\":\"2018-06-28T19:59:58+00:00\",\"dateModified\":\"2020-05-14T07:08:07+00:00\",\"mainEntityOfPage\":{\"@id\":\"https:\/\/www.c4trio.com\/c4-trio-vuelve-europa-european-tour-2018\/\"},\"wordCount\":613,\"commentCount\":0,\"publisher\":{\"@id\":\"https:\/\/www.c4trio.com\/#organization\"},\"image\":{\"@id\":\"https:\/\/www.c4trio.com\/c4-trio-vuelve-europa-european-tour-2018\/#primaryimage\"},\"thumbnailUrl\":\"https:\/\/www.c4trio.com\/wp-content\/uploads\/2018\/06\/European-Tour-Cuadrado.jpg\",\"articleSection\":[\"Sin categor\u00eda\"],\"inLanguage\":\"en-US\",\"potentialAction\":[{\"@type\":\"CommentAction\",\"name\":\"Comment\",\"target\":[\"https:\/\/www.c4trio.com\/c4-trio-vuelve-europa-european-tour-2018\/#respond\"]}]},{\"@type\":\"WebPage\",\"@id\":\"https:\/\/www.c4trio.com\/c4-trio-vuelve-europa-european-tour-2018\/\",\"url\":\"https:\/\/www.c4trio.com\/c4-trio-vuelve-europa-european-tour-2018\/\",\"name\":\"C4 Tr\u00edo vuelve a Europa este 2018 - C4 Tr\u00edo\",\"isPartOf\":{\"@id\":\"https:\/\/www.c4trio.com\/#website\"},\"primaryImageOfPage\":{\"@id\":\"https:\/\/www.c4trio.com\/c4-trio-vuelve-europa-european-tour-2018\/#primaryimage\"},\"image\":{\"@id\":\"https:\/\/www.c4trio.com\/c4-trio-vuelve-europa-european-tour-2018\/#primaryimage\"},\"thumbnailUrl\":\"https:\/\/www.c4trio.com\/wp-content\/uploads\/2018\/06\/European-Tour-Cuadrado.jpg\",\"datePublished\":\"2018-06-28T19:59:58+00:00\",\"dateModified\":\"2020-05-14T07:08:07+00:00\",\"breadcrumb\":{\"@id\":\"https:\/\/www.c4trio.com\/c4-trio-vuelve-europa-european-tour-2018\/#breadcrumb\"},\"inLanguage\":\"en-US\",\"potentialAction\":[{\"@type\":\"ReadAction\",\"target\":[\"https:\/\/www.c4trio.com\/c4-trio-vuelve-europa-european-tour-2018\/\"]}]},{\"@type\":\"ImageObject\",\"inLanguage\":\"en-US\",\"@id\":\"https:\/\/www.c4trio.com\/c4-trio-vuelve-europa-european-tour-2018\/#primaryimage\",\"url\":\"https:\/\/www.c4trio.com\/wp-content\/uploads\/2018\/06\/European-Tour-Cuadrado.jpg\",\"contentUrl\":\"https:\/\/www.c4trio.com\/wp-content\/uploads\/2018\/06\/European-Tour-Cuadrado.jpg\",\"width\":2480,\"height\":2480},{\"@type\":\"BreadcrumbList\",\"@id\":\"https:\/\/www.c4trio.com\/c4-trio-vuelve-europa-european-tour-2018\/#breadcrumb\",\"itemListElement\":[{\"@type\":\"ListItem\",\"position\":1,\"name\":\"Portada\",\"item\":\"https:\/\/www.c4trio.com\/\"},{\"@type\":\"ListItem\",\"position\":2,\"name\":\"C4 Tr\u00edo vuelve a Europa este 2018\"}]},{\"@type\":\"WebSite\",\"@id\":\"https:\/\/www.c4trio.com\/#website\",\"url\":\"https:\/\/www.c4trio.com\/\",\"name\":\"C4 Tr\u00edo\",\"description\":\"P\u00e1gina Oficial\",\"publisher\":{\"@id\":\"https:\/\/www.c4trio.com\/#organization\"},\"potentialAction\":[{\"@type\":\"SearchAction\",\"target\":{\"@type\":\"EntryPoint\",\"urlTemplate\":\"https:\/\/www.c4trio.com\/?s={search_term_string}\"},\"query-input\":{\"@type\":\"PropertyValueSpecification\",\"valueRequired\":true,\"valueName\":\"search_term_string\"}}],\"inLanguage\":\"en-US\"},{\"@type\":\"Organization\",\"@id\":\"https:\/\/www.c4trio.com\/#organization\",\"name\":\"C4 Tr\u00edo\",\"url\":\"https:\/\/www.c4trio.com\/\",\"logo\":{\"@type\":\"ImageObject\",\"inLanguage\":\"en-US\",\"@id\":\"https:\/\/www.c4trio.com\/#\/schema\/logo\/image\/\",\"url\":\"https:\/\/www.c4trio.com\/wp-content\/uploads\/2016\/09\/logo.png\",\"contentUrl\":\"https:\/\/www.c4trio.com\/wp-content\/uploads\/2016\/09\/logo.png\",\"width\":365,\"height\":80,\"caption\":\"C4 Tr\u00edo\"},\"image\":{\"@id\":\"https:\/\/www.c4trio.com\/#\/schema\/logo\/image\/\"},\"sameAs\":[\"https:\/\/www.facebook.com\/profile.php?id=100050537467192\",\"https:\/\/x.com\/c4trio\",\"https:\/\/www.instagram.com\/c4trio\"]},{\"@type\":\"Person\",\"@id\":\"https:\/\/www.c4trio.com\/#\/schema\/person\/34827e0df8bd01ccb69a0da8c48487ed\",\"name\":\"josuar_umbrella\",\"image\":{\"@type\":\"ImageObject\",\"inLanguage\":\"en-US\",\"@id\":\"https:\/\/www.c4trio.com\/#\/schema\/person\/image\/\",\"url\":\"https:\/\/secure.gravatar.com\/avatar\/d5546336be5d9d70d3a439237c09c9921c6569aad089976128d970ff59c770fe?s=96&d=mm&r=g\",\"contentUrl\":\"https:\/\/secure.gravatar.com\/avatar\/d5546336be5d9d70d3a439237c09c9921c6569aad089976128d970ff59c770fe?s=96&d=mm&r=g\",\"caption\":\"josuar_umbrella\"},\"sameAs\":[\"https:\/\/josuarochoa.com\/c4trio\"],\"url\":\"https:\/\/www.c4trio.com\/en\/author\/josuar_umbrella\/\"}]}<\/script>\n<!-- \/ Yoast SEO plugin. -->","yoast_head_json":{"title":"C4 Tr\u00edo vuelve a Europa este 2018 - C4 Tr\u00edo","robots":{"index":"index","follow":"follow","max-snippet":"max-snippet:-1","max-image-preview":"max-image-preview:large","max-video-preview":"max-video-preview:-1"},"canonical":"https:\/\/www.c4trio.com\/en\/c4-trio-vuelve-europa-european-tour-2018\/","og_locale":"en_US","og_type":"article","og_title":"C4 Tr\u00edo vuelve a Europa este 2018 - C4 Tr\u00edo","og_description":"CA M\u00fasica presenta el European Tour 2018 de C4 Tr\u00edo quienes llevaran el Cuatro Venezolano a 5 pa\u00edses del viejo continente. El 21 de julio ser\u00e1 el primer concierto en la ciudad de Sines en Portugal como parte de la programaci\u00f3n de uno de los...","og_url":"https:\/\/www.c4trio.com\/en\/c4-trio-vuelve-europa-european-tour-2018\/","og_site_name":"C4 Tr\u00edo","article_publisher":"https:\/\/www.facebook.com\/profile.php?id=100050537467192","article_published_time":"2018-06-28T19:59:58+00:00","article_modified_time":"2020-05-14T07:08:07+00:00","og_image":[{"width":2480,"height":2480,"url":"https:\/\/www.c4trio.com\/wp-content\/uploads\/2018\/06\/European-Tour-Cuadrado.jpg","type":"image\/jpeg"}],"author":"josuar_umbrella","twitter_card":"summary_large_image","twitter_creator":"@c4trio","twitter_site":"@c4trio","twitter_misc":{"Written by":"josuar_umbrella","Est. reading time":"3 minutes"},"schema":{"@context":"https:\/\/schema.org","@graph":[{"@type":"Article","@id":"https:\/\/www.c4trio.com\/c4-trio-vuelve-europa-european-tour-2018\/#article","isPartOf":{"@id":"https:\/\/www.c4trio.com\/c4-trio-vuelve-europa-european-tour-2018\/"},"author":{"name":"josuar_umbrella","@id":"https:\/\/www.c4trio.com\/#\/schema\/person\/34827e0df8bd01ccb69a0da8c48487ed"},"headline":"C4 Tr\u00edo vuelve a Europa este 2018","datePublished":"2018-06-28T19:59:58+00:00","dateModified":"2020-05-14T07:08:07+00:00","mainEntityOfPage":{"@id":"https:\/\/www.c4trio.com\/c4-trio-vuelve-europa-european-tour-2018\/"},"wordCount":613,"commentCount":0,"publisher":{"@id":"https:\/\/www.c4trio.com\/#organization"},"image":{"@id":"https:\/\/www.c4trio.com\/c4-trio-vuelve-europa-european-tour-2018\/#primaryimage"},"thumbnailUrl":"https:\/\/www.c4trio.com\/wp-content\/uploads\/2018\/06\/European-Tour-Cuadrado.jpg","articleSection":["Sin categor\u00eda"],"inLanguage":"en-US","potentialAction":[{"@type":"CommentAction","name":"Comment","target":["https:\/\/www.c4trio.com\/c4-trio-vuelve-europa-european-tour-2018\/#respond"]}]},{"@type":"WebPage","@id":"https:\/\/www.c4trio.com\/c4-trio-vuelve-europa-european-tour-2018\/","url":"https:\/\/www.c4trio.com\/c4-trio-vuelve-europa-european-tour-2018\/","name":"C4 Tr\u00edo vuelve a Europa este 2018 - C4 Tr\u00edo","isPartOf":{"@id":"https:\/\/www.c4trio.com\/#website"},"primaryImageOfPage":{"@id":"https:\/\/www.c4trio.com\/c4-trio-vuelve-europa-european-tour-2018\/#primaryimage"},"image":{"@id":"https:\/\/www.c4trio.com\/c4-trio-vuelve-europa-european-tour-2018\/#primaryimage"},"thumbnailUrl":"https:\/\/www.c4trio.com\/wp-content\/uploads\/2018\/06\/European-Tour-Cuadrado.jpg","datePublished":"2018-06-28T19:59:58+00:00","dateModified":"2020-05-14T07:08:07+00:00","breadcrumb":{"@id":"https:\/\/www.c4trio.com\/c4-trio-vuelve-europa-european-tour-2018\/#breadcrumb"},"inLanguage":"en-US","potentialAction":[{"@type":"ReadAction","target":["https:\/\/www.c4trio.com\/c4-trio-vuelve-europa-european-tour-2018\/"]}]},{"@type":"ImageObject","inLanguage":"en-US","@id":"https:\/\/www.c4trio.com\/c4-trio-vuelve-europa-european-tour-2018\/#primaryimage","url":"https:\/\/www.c4trio.com\/wp-content\/uploads\/2018\/06\/European-Tour-Cuadrado.jpg","contentUrl":"https:\/\/www.c4trio.com\/wp-content\/uploads\/2018\/06\/European-Tour-Cuadrado.jpg","width":2480,"height":2480},{"@type":"BreadcrumbList","@id":"https:\/\/www.c4trio.com\/c4-trio-vuelve-europa-european-tour-2018\/#breadcrumb","itemListElement":[{"@type":"ListItem","position":1,"name":"Portada","item":"https:\/\/www.c4trio.com\/"},{"@type":"ListItem","position":2,"name":"C4 Tr\u00edo vuelve a Europa este 2018"}]},{"@type":"WebSite","@id":"https:\/\/www.c4trio.com\/#website","url":"https:\/\/www.c4trio.com\/","name":"C4 Trio","description":"P\u00e1gina Oficial","publisher":{"@id":"https:\/\/www.c4trio.com\/#organization"},"potentialAction":[{"@type":"SearchAction","target":{"@type":"EntryPoint","urlTemplate":"https:\/\/www.c4trio.com\/?s={search_term_string}"},"query-input":{"@type":"PropertyValueSpecification","valueRequired":true,"valueName":"search_term_string"}}],"inLanguage":"en-US"},{"@type":"Organization","@id":"https:\/\/www.c4trio.com\/#organization","name":"C4 Trio","url":"https:\/\/www.c4trio.com\/","logo":{"@type":"ImageObject","inLanguage":"en-US","@id":"https:\/\/www.c4trio.com\/#\/schema\/logo\/image\/","url":"https:\/\/www.c4trio.com\/wp-content\/uploads\/2016\/09\/logo.png","contentUrl":"https:\/\/www.c4trio.com\/wp-content\/uploads\/2016\/09\/logo.png","width":365,"height":80,"caption":"C4 Tr\u00edo"},"image":{"@id":"https:\/\/www.c4trio.com\/#\/schema\/logo\/image\/"},"sameAs":["https:\/\/www.facebook.com\/profile.php?id=100050537467192","https:\/\/x.com\/c4trio","https:\/\/www.instagram.com\/c4trio"]},{"@type":"Person","@id":"https:\/\/www.c4trio.com\/#\/schema\/person\/34827e0df8bd01ccb69a0da8c48487ed","name":"josuar_umbrella","image":{"@type":"ImageObject","inLanguage":"en-US","@id":"https:\/\/www.c4trio.com\/#\/schema\/person\/image\/","url":"https:\/\/secure.gravatar.com\/avatar\/d5546336be5d9d70d3a439237c09c9921c6569aad089976128d970ff59c770fe?s=96&d=mm&r=g","contentUrl":"https:\/\/secure.gravatar.com\/avatar\/d5546336be5d9d70d3a439237c09c9921c6569aad089976128d970ff59c770fe?s=96&d=mm&r=g","caption":"josuar_umbrella"},"sameAs":["https:\/\/josuarochoa.com\/c4trio"],"url":"https:\/\/www.c4trio.com\/en\/author\/josuar_umbrella\/"}]}},"_links":{"self":[{"href":"https:\/\/www.c4trio.com\/en\/wp-json\/wp\/v2\/posts\/1947","targetHints":{"allow":["GET"]}}],"collection":[{"href":"https:\/\/www.c4trio.com\/en\/wp-json\/wp\/v2\/posts"}],"about":[{"href":"https:\/\/www.c4trio.com\/en\/wp-json\/wp\/v2\/types\/post"}],"author":[{"embeddable":true,"href":"https:\/\/www.c4trio.com\/en\/wp-json\/wp\/v2\/users\/1"}],"replies":[{"embeddable":true,"href":"https:\/\/www.c4trio.com\/en\/wp-json\/wp\/v2\/comments?post=1947"}],"version-history":[{"count":2,"href":"https:\/\/www.c4trio.com\/en\/wp-json\/wp\/v2\/posts\/1947\/revisions"}],"predecessor-version":[{"id":8840,"href":"https:\/\/www.c4trio.com\/en\/wp-json\/wp\/v2\/posts\/1947\/revisions\/8840"}],"wp:featuredmedia":[{"embeddable":true,"href":"https:\/\/www.c4trio.com\/en\/wp-json\/wp\/v2\/media\/8839"}],"wp:attachment":[{"href":"https:\/\/www.c4trio.com\/en\/wp-json\/wp\/v2\/media?parent=1947"}],"wp:term":[{"taxonomy":"category","embeddable":true,"href":"https:\/\/www.c4trio.com\/en\/wp-json\/wp\/v2\/categories?post=1947"},{"taxonomy":"post_tag","embeddable":true,"href":"https:\/\/www.c4trio.com\/en\/wp-json\/wp\/v2\/tags?post=1947"}],"curies":[{"name":"wp","href":"https:\/\/api.w.org\/{rel}","templated":true}]}}