{"id":1304,"date":"2015-11-23T02:44:39","date_gmt":"2015-11-23T02:44:39","guid":{"rendered":"http:\/\/c4trio.com\/site\/?p=1304"},"modified":"2015-11-23T02:44:39","modified_gmt":"2015-11-23T02:44:39","slug":"compra-aqui-tu-entrada-para-los10dec4-en-el-teresa-carreno-el-25-de-noviembre","status":"publish","type":"post","link":"https:\/\/www.c4trio.com\/en\/compra-aqui-tu-entrada-para-los10dec4-en-el-teresa-carreno-el-25-de-noviembre\/","title":{"rendered":"Compra aqu\u00ed tu entrada para #Los10DeC4 en el Teresa Carre\u00f1o el 25 de Noviembre."},"content":{"rendered":"<p>Las entradas para #Los10DeC4 est\u00e1n a la venta en las taquillas del Teatro Teresa Carre\u00f1o, de martes a s\u00e1bado, de 9:00 a. m. a 8:00 p. m. y los domingos de 9:00 a. m. a 6:00 p. m.<\/p>\n<p>Tambi\u00e9n puedes adquirirlas haciendo click <a href=\"http:\/\/fttc.getmyip.com:8080\/evTarifs.aspx?language=FR&amp;owner=133&amp;event=1458\">aqu\u00ed<\/a><\/p>\n<p>&nbsp;<\/p>\n<p><a href=\"http:\/\/c4trio.com\/site\/wp-content\/uploads\/2015\/11\/WebC4_Banner11.jpg\"><img loading=\"lazy\" decoding=\"async\" class=\"aligncenter wp-image-1302\" src=\"http:\/\/c4trio.com\/site\/wp-content\/uploads\/2015\/11\/WebC4_Banner11.jpg\" alt=\"WebC4_Banner1\" width=\"589\" height=\"226\" \/><\/a><\/p>\n<p>&nbsp;<\/p>\n<p>Recuerden que nos acompa\u00f1ar\u00e1n:<\/p>\n<p>Cheo Hurtado y Aquiles B\u00e1ez, nuestros padres musicales. Tambi\u00e9n invitamos a Francisco Pacheco, Betsayda Machado, Horacio Blanco y los metales de Desorden P\u00fablico, Servando Primera, Rafael \u201cPollo\u201d Brito, Marcial Ist\u00fariz, Guaco,\u00a0Jorge Torres, Edepson Gonz\u00e1lez, Rafael Greco, Manuel Rangel, Carya Orozco, Juan Morales y muchos m\u00e1s!<\/p>","protected":false},"excerpt":{"rendered":"<p>Las entradas para #Los10DeC4 est\u00e1n a la venta en las taquillas del Teatro Teresa Carre\u00f1o, de martes a s\u00e1bado, de 9:00 a. m. a 8:00 p. m. y los domingos de 9:00 a. m. a 6:00 p. m. Tambi\u00e9n puedes adquirirlas haciendo click aqu\u00ed &nbsp;&#8230;<\/p>","protected":false},"author":1,"featured_media":1302,"comment_status":"open","ping_status":"open","sticky":false,"template":"","format":"standard","meta":{"footnotes":""},"categories":[6],"tags":[],"class_list":["post-1304","post","type-post","status-publish","format-standard","has-post-thumbnail","hentry","category-noticias-es"],"yoast_head":"<!-- This site is optimized with the Yoast SEO plugin v27.1.1 - https:\/\/yoast.com\/product\/yoast-seo-wordpress\/ -->\n<title>Compra aqu\u00ed tu entrada para #Los10DeC4 en el Teresa Carre\u00f1o el 25 de Noviembre. - C4 Tr\u00edo<\/title>\n<meta name=\"robots\" content=\"index, follow, max-snippet:-1, max-image-preview:large, max-video-preview:-1\" \/>\n<link rel=\"canonical\" href=\"https:\/\/www.c4trio.com\/en\/compra-aqui-tu-entrada-para-los10dec4-en-el-teresa-carreno-el-25-de-noviembre\/\" \/>\n<meta property=\"og:locale\" content=\"en_US\" \/>\n<meta property=\"og:type\" content=\"article\" \/>\n<meta property=\"og:title\" content=\"Compra aqu\u00ed tu entrada para #Los10DeC4 en el Teresa Carre\u00f1o el 25 de Noviembre. - C4 Tr\u00edo\" \/>\n<meta property=\"og:description\" content=\"Las entradas para #Los10DeC4 est\u00e1n a la venta en las taquillas del Teatro Teresa Carre\u00f1o, de martes a s\u00e1bado, de 9:00 a. m. a 8:00 p. m. y los domingos de 9:00 a. m. a 6:00 p. m. Tambi\u00e9n puedes adquirirlas haciendo click aqu\u00ed &nbsp;...\" \/>\n<meta property=\"og:url\" content=\"https:\/\/www.c4trio.com\/en\/compra-aqui-tu-entrada-para-los10dec4-en-el-teresa-carreno-el-25-de-noviembre\/\" \/>\n<meta property=\"og:site_name\" content=\"C4 Tr\u00edo\" \/>\n<meta property=\"article:publisher\" content=\"https:\/\/www.facebook.com\/profile.php?id=100050537467192\" \/>\n<meta property=\"article:published_time\" content=\"2015-11-23T02:44:39+00:00\" \/>\n<meta name=\"author\" content=\"josuar_umbrella\" \/>\n<meta name=\"twitter:card\" content=\"summary_large_image\" \/>\n<meta name=\"twitter:creator\" content=\"@c4trio\" \/>\n<meta name=\"twitter:site\" content=\"@c4trio\" \/>\n<meta name=\"twitter:label1\" content=\"Written by\" \/>\n\t<meta name=\"twitter:data1\" content=\"josuar_umbrella\" \/>\n\t<meta name=\"twitter:label2\" content=\"Est. reading time\" \/>\n\t<meta name=\"twitter:data2\" content=\"1 minute\" \/>\n<script type=\"application\/ld+json\" class=\"yoast-schema-graph\">{\"@context\":\"https:\/\/schema.org\",\"@graph\":[{\"@type\":\"Article\",\"@id\":\"https:\/\/www.c4trio.com\/compra-aqui-tu-entrada-para-los10dec4-en-el-teresa-carreno-el-25-de-noviembre\/#article\",\"isPartOf\":{\"@id\":\"https:\/\/www.c4trio.com\/compra-aqui-tu-entrada-para-los10dec4-en-el-teresa-carreno-el-25-de-noviembre\/\"},\"author\":{\"name\":\"josuar_umbrella\",\"@id\":\"https:\/\/www.c4trio.com\/#\/schema\/person\/34827e0df8bd01ccb69a0da8c48487ed\"},\"headline\":\"Compra aqu\u00ed tu entrada para #Los10DeC4 en el Teresa Carre\u00f1o el 25 de Noviembre.\",\"datePublished\":\"2015-11-23T02:44:39+00:00\",\"mainEntityOfPage\":{\"@id\":\"https:\/\/www.c4trio.com\/compra-aqui-tu-entrada-para-los10dec4-en-el-teresa-carreno-el-25-de-noviembre\/\"},\"wordCount\":120,\"commentCount\":0,\"publisher\":{\"@id\":\"https:\/\/www.c4trio.com\/#organization\"},\"image\":{\"@id\":\"https:\/\/www.c4trio.com\/compra-aqui-tu-entrada-para-los10dec4-en-el-teresa-carreno-el-25-de-noviembre\/#primaryimage\"},\"thumbnailUrl\":\"\",\"articleSection\":[\"Noticias\"],\"inLanguage\":\"en-US\",\"potentialAction\":[{\"@type\":\"CommentAction\",\"name\":\"Comment\",\"target\":[\"https:\/\/www.c4trio.com\/compra-aqui-tu-entrada-para-los10dec4-en-el-teresa-carreno-el-25-de-noviembre\/#respond\"]}]},{\"@type\":\"WebPage\",\"@id\":\"https:\/\/www.c4trio.com\/compra-aqui-tu-entrada-para-los10dec4-en-el-teresa-carreno-el-25-de-noviembre\/\",\"url\":\"https:\/\/www.c4trio.com\/compra-aqui-tu-entrada-para-los10dec4-en-el-teresa-carreno-el-25-de-noviembre\/\",\"name\":\"Compra aqu\u00ed tu entrada para #Los10DeC4 en el Teresa Carre\u00f1o el 25 de Noviembre. - C4 Tr\u00edo\",\"isPartOf\":{\"@id\":\"https:\/\/www.c4trio.com\/#website\"},\"primaryImageOfPage\":{\"@id\":\"https:\/\/www.c4trio.com\/compra-aqui-tu-entrada-para-los10dec4-en-el-teresa-carreno-el-25-de-noviembre\/#primaryimage\"},\"image\":{\"@id\":\"https:\/\/www.c4trio.com\/compra-aqui-tu-entrada-para-los10dec4-en-el-teresa-carreno-el-25-de-noviembre\/#primaryimage\"},\"thumbnailUrl\":\"\",\"datePublished\":\"2015-11-23T02:44:39+00:00\",\"breadcrumb\":{\"@id\":\"https:\/\/www.c4trio.com\/compra-aqui-tu-entrada-para-los10dec4-en-el-teresa-carreno-el-25-de-noviembre\/#breadcrumb\"},\"inLanguage\":\"en-US\",\"potentialAction\":[{\"@type\":\"ReadAction\",\"target\":[\"https:\/\/www.c4trio.com\/compra-aqui-tu-entrada-para-los10dec4-en-el-teresa-carreno-el-25-de-noviembre\/\"]}]},{\"@type\":\"ImageObject\",\"inLanguage\":\"en-US\",\"@id\":\"https:\/\/www.c4trio.com\/compra-aqui-tu-entrada-para-los10dec4-en-el-teresa-carreno-el-25-de-noviembre\/#primaryimage\",\"url\":\"\",\"contentUrl\":\"\"},{\"@type\":\"BreadcrumbList\",\"@id\":\"https:\/\/www.c4trio.com\/compra-aqui-tu-entrada-para-los10dec4-en-el-teresa-carreno-el-25-de-noviembre\/#breadcrumb\",\"itemListElement\":[{\"@type\":\"ListItem\",\"position\":1,\"name\":\"Portada\",\"item\":\"https:\/\/www.c4trio.com\/\"},{\"@type\":\"ListItem\",\"position\":2,\"name\":\"Compra aqu\u00ed tu entrada para #Los10DeC4 en el Teresa Carre\u00f1o el 25 de Noviembre.\"}]},{\"@type\":\"WebSite\",\"@id\":\"https:\/\/www.c4trio.com\/#website\",\"url\":\"https:\/\/www.c4trio.com\/\",\"name\":\"C4 Tr\u00edo\",\"description\":\"P\u00e1gina Oficial\",\"publisher\":{\"@id\":\"https:\/\/www.c4trio.com\/#organization\"},\"potentialAction\":[{\"@type\":\"SearchAction\",\"target\":{\"@type\":\"EntryPoint\",\"urlTemplate\":\"https:\/\/www.c4trio.com\/?s={search_term_string}\"},\"query-input\":{\"@type\":\"PropertyValueSpecification\",\"valueRequired\":true,\"valueName\":\"search_term_string\"}}],\"inLanguage\":\"en-US\"},{\"@type\":\"Organization\",\"@id\":\"https:\/\/www.c4trio.com\/#organization\",\"name\":\"C4 Tr\u00edo\",\"url\":\"https:\/\/www.c4trio.com\/\",\"logo\":{\"@type\":\"ImageObject\",\"inLanguage\":\"en-US\",\"@id\":\"https:\/\/www.c4trio.com\/#\/schema\/logo\/image\/\",\"url\":\"https:\/\/www.c4trio.com\/wp-content\/uploads\/2016\/09\/logo.png\",\"contentUrl\":\"https:\/\/www.c4trio.com\/wp-content\/uploads\/2016\/09\/logo.png\",\"width\":365,\"height\":80,\"caption\":\"C4 Tr\u00edo\"},\"image\":{\"@id\":\"https:\/\/www.c4trio.com\/#\/schema\/logo\/image\/\"},\"sameAs\":[\"https:\/\/www.facebook.com\/profile.php?id=100050537467192\",\"https:\/\/x.com\/c4trio\",\"https:\/\/www.instagram.com\/c4trio\"]},{\"@type\":\"Person\",\"@id\":\"https:\/\/www.c4trio.com\/#\/schema\/person\/34827e0df8bd01ccb69a0da8c48487ed\",\"name\":\"josuar_umbrella\",\"image\":{\"@type\":\"ImageObject\",\"inLanguage\":\"en-US\",\"@id\":\"https:\/\/www.c4trio.com\/#\/schema\/person\/image\/\",\"url\":\"https:\/\/secure.gravatar.com\/avatar\/d5546336be5d9d70d3a439237c09c9921c6569aad089976128d970ff59c770fe?s=96&d=mm&r=g\",\"contentUrl\":\"https:\/\/secure.gravatar.com\/avatar\/d5546336be5d9d70d3a439237c09c9921c6569aad089976128d970ff59c770fe?s=96&d=mm&r=g\",\"caption\":\"josuar_umbrella\"},\"sameAs\":[\"https:\/\/josuarochoa.com\/c4trio\"],\"url\":\"https:\/\/www.c4trio.com\/en\/author\/josuar_umbrella\/\"}]}<\/script>\n<!-- \/ Yoast SEO plugin. -->","yoast_head_json":{"title":"Compra aqu\u00ed tu entrada para #Los10DeC4 en el Teresa Carre\u00f1o el 25 de Noviembre. - C4 Tr\u00edo","robots":{"index":"index","follow":"follow","max-snippet":"max-snippet:-1","max-image-preview":"max-image-preview:large","max-video-preview":"max-video-preview:-1"},"canonical":"https:\/\/www.c4trio.com\/en\/compra-aqui-tu-entrada-para-los10dec4-en-el-teresa-carreno-el-25-de-noviembre\/","og_locale":"en_US","og_type":"article","og_title":"Compra aqu\u00ed tu entrada para #Los10DeC4 en el Teresa Carre\u00f1o el 25 de Noviembre. - C4 Tr\u00edo","og_description":"Las entradas para #Los10DeC4 est\u00e1n a la venta en las taquillas del Teatro Teresa Carre\u00f1o, de martes a s\u00e1bado, de 9:00 a. m. a 8:00 p. m. y los domingos de 9:00 a. m. a 6:00 p. m. Tambi\u00e9n puedes adquirirlas haciendo click aqu\u00ed &nbsp;...","og_url":"https:\/\/www.c4trio.com\/en\/compra-aqui-tu-entrada-para-los10dec4-en-el-teresa-carreno-el-25-de-noviembre\/","og_site_name":"C4 Tr\u00edo","article_publisher":"https:\/\/www.facebook.com\/profile.php?id=100050537467192","article_published_time":"2015-11-23T02:44:39+00:00","author":"josuar_umbrella","twitter_card":"summary_large_image","twitter_creator":"@c4trio","twitter_site":"@c4trio","twitter_misc":{"Written by":"josuar_umbrella","Est. reading time":"1 minute"},"schema":{"@context":"https:\/\/schema.org","@graph":[{"@type":"Article","@id":"https:\/\/www.c4trio.com\/compra-aqui-tu-entrada-para-los10dec4-en-el-teresa-carreno-el-25-de-noviembre\/#article","isPartOf":{"@id":"https:\/\/www.c4trio.com\/compra-aqui-tu-entrada-para-los10dec4-en-el-teresa-carreno-el-25-de-noviembre\/"},"author":{"name":"josuar_umbrella","@id":"https:\/\/www.c4trio.com\/#\/schema\/person\/34827e0df8bd01ccb69a0da8c48487ed"},"headline":"Compra aqu\u00ed tu entrada para #Los10DeC4 en el Teresa Carre\u00f1o el 25 de Noviembre.","datePublished":"2015-11-23T02:44:39+00:00","mainEntityOfPage":{"@id":"https:\/\/www.c4trio.com\/compra-aqui-tu-entrada-para-los10dec4-en-el-teresa-carreno-el-25-de-noviembre\/"},"wordCount":120,"commentCount":0,"publisher":{"@id":"https:\/\/www.c4trio.com\/#organization"},"image":{"@id":"https:\/\/www.c4trio.com\/compra-aqui-tu-entrada-para-los10dec4-en-el-teresa-carreno-el-25-de-noviembre\/#primaryimage"},"thumbnailUrl":"","articleSection":["Noticias"],"inLanguage":"en-US","potentialAction":[{"@type":"CommentAction","name":"Comment","target":["https:\/\/www.c4trio.com\/compra-aqui-tu-entrada-para-los10dec4-en-el-teresa-carreno-el-25-de-noviembre\/#respond"]}]},{"@type":"WebPage","@id":"https:\/\/www.c4trio.com\/compra-aqui-tu-entrada-para-los10dec4-en-el-teresa-carreno-el-25-de-noviembre\/","url":"https:\/\/www.c4trio.com\/compra-aqui-tu-entrada-para-los10dec4-en-el-teresa-carreno-el-25-de-noviembre\/","name":"Compra aqu\u00ed tu entrada para #Los10DeC4 en el Teresa Carre\u00f1o el 25 de Noviembre. - C4 Tr\u00edo","isPartOf":{"@id":"https:\/\/www.c4trio.com\/#website"},"primaryImageOfPage":{"@id":"https:\/\/www.c4trio.com\/compra-aqui-tu-entrada-para-los10dec4-en-el-teresa-carreno-el-25-de-noviembre\/#primaryimage"},"image":{"@id":"https:\/\/www.c4trio.com\/compra-aqui-tu-entrada-para-los10dec4-en-el-teresa-carreno-el-25-de-noviembre\/#primaryimage"},"thumbnailUrl":"","datePublished":"2015-11-23T02:44:39+00:00","breadcrumb":{"@id":"https:\/\/www.c4trio.com\/compra-aqui-tu-entrada-para-los10dec4-en-el-teresa-carreno-el-25-de-noviembre\/#breadcrumb"},"inLanguage":"en-US","potentialAction":[{"@type":"ReadAction","target":["https:\/\/www.c4trio.com\/compra-aqui-tu-entrada-para-los10dec4-en-el-teresa-carreno-el-25-de-noviembre\/"]}]},{"@type":"ImageObject","inLanguage":"en-US","@id":"https:\/\/www.c4trio.com\/compra-aqui-tu-entrada-para-los10dec4-en-el-teresa-carreno-el-25-de-noviembre\/#primaryimage","url":"","contentUrl":""},{"@type":"BreadcrumbList","@id":"https:\/\/www.c4trio.com\/compra-aqui-tu-entrada-para-los10dec4-en-el-teresa-carreno-el-25-de-noviembre\/#breadcrumb","itemListElement":[{"@type":"ListItem","position":1,"name":"Portada","item":"https:\/\/www.c4trio.com\/"},{"@type":"ListItem","position":2,"name":"Compra aqu\u00ed tu entrada para #Los10DeC4 en el Teresa Carre\u00f1o el 25 de Noviembre."}]},{"@type":"WebSite","@id":"https:\/\/www.c4trio.com\/#website","url":"https:\/\/www.c4trio.com\/","name":"C4 Trio","description":"P\u00e1gina Oficial","publisher":{"@id":"https:\/\/www.c4trio.com\/#organization"},"potentialAction":[{"@type":"SearchAction","target":{"@type":"EntryPoint","urlTemplate":"https:\/\/www.c4trio.com\/?s={search_term_string}"},"query-input":{"@type":"PropertyValueSpecification","valueRequired":true,"valueName":"search_term_string"}}],"inLanguage":"en-US"},{"@type":"Organization","@id":"https:\/\/www.c4trio.com\/#organization","name":"C4 Trio","url":"https:\/\/www.c4trio.com\/","logo":{"@type":"ImageObject","inLanguage":"en-US","@id":"https:\/\/www.c4trio.com\/#\/schema\/logo\/image\/","url":"https:\/\/www.c4trio.com\/wp-content\/uploads\/2016\/09\/logo.png","contentUrl":"https:\/\/www.c4trio.com\/wp-content\/uploads\/2016\/09\/logo.png","width":365,"height":80,"caption":"C4 Tr\u00edo"},"image":{"@id":"https:\/\/www.c4trio.com\/#\/schema\/logo\/image\/"},"sameAs":["https:\/\/www.facebook.com\/profile.php?id=100050537467192","https:\/\/x.com\/c4trio","https:\/\/www.instagram.com\/c4trio"]},{"@type":"Person","@id":"https:\/\/www.c4trio.com\/#\/schema\/person\/34827e0df8bd01ccb69a0da8c48487ed","name":"josuar_umbrella","image":{"@type":"ImageObject","inLanguage":"en-US","@id":"https:\/\/www.c4trio.com\/#\/schema\/person\/image\/","url":"https:\/\/secure.gravatar.com\/avatar\/d5546336be5d9d70d3a439237c09c9921c6569aad089976128d970ff59c770fe?s=96&d=mm&r=g","contentUrl":"https:\/\/secure.gravatar.com\/avatar\/d5546336be5d9d70d3a439237c09c9921c6569aad089976128d970ff59c770fe?s=96&d=mm&r=g","caption":"josuar_umbrella"},"sameAs":["https:\/\/josuarochoa.com\/c4trio"],"url":"https:\/\/www.c4trio.com\/en\/author\/josuar_umbrella\/"}]}},"_links":{"self":[{"href":"https:\/\/www.c4trio.com\/en\/wp-json\/wp\/v2\/posts\/1304","targetHints":{"allow":["GET"]}}],"collection":[{"href":"https:\/\/www.c4trio.com\/en\/wp-json\/wp\/v2\/posts"}],"about":[{"href":"https:\/\/www.c4trio.com\/en\/wp-json\/wp\/v2\/types\/post"}],"author":[{"embeddable":true,"href":"https:\/\/www.c4trio.com\/en\/wp-json\/wp\/v2\/users\/1"}],"replies":[{"embeddable":true,"href":"https:\/\/www.c4trio.com\/en\/wp-json\/wp\/v2\/comments?post=1304"}],"version-history":[{"count":0,"href":"https:\/\/www.c4trio.com\/en\/wp-json\/wp\/v2\/posts\/1304\/revisions"}],"wp:featuredmedia":[{"embeddable":true,"href":"https:\/\/www.c4trio.com\/en\/wp-json\/"}],"wp:attachment":[{"href":"https:\/\/www.c4trio.com\/en\/wp-json\/wp\/v2\/media?parent=1304"}],"wp:term":[{"taxonomy":"category","embeddable":true,"href":"https:\/\/www.c4trio.com\/en\/wp-json\/wp\/v2\/categories?post=1304"},{"taxonomy":"post_tag","embeddable":true,"href":"https:\/\/www.c4trio.com\/en\/wp-json\/wp\/v2\/tags?post=1304"}],"curies":[{"name":"wp","href":"https:\/\/api.w.org\/{rel}","templated":true}]}}