{"id":1296,"date":"2015-11-18T14:00:37","date_gmt":"2015-11-18T14:00:37","guid":{"rendered":"http:\/\/c4trio.com\/site\/?p=1296"},"modified":"2015-11-18T14:00:37","modified_gmt":"2015-11-18T14:00:37","slug":"c4-trio-festeja-su-decimo-aniversario-en-el-teresa-carreno","status":"publish","type":"post","link":"https:\/\/www.c4trio.com\/en\/c4-trio-festeja-su-decimo-aniversario-en-el-teresa-carreno\/","title":{"rendered":"C4 Tr\u00edo festeja su d\u00e9cimo aniversario en el Teresa Carre\u00f1o."},"content":{"rendered":"<p>&nbsp;<\/p>\n<p>Esta cotizada agrupaci\u00f3n festeja\u00a0 su primera d\u00e9cada de \u00e9xitos con un concierto multimedia en la Sala R\u00edos Reyna, donde bautizar\u00e1 el DVD\u00a0<strong>\u00a0\u201cLos 10 de C4\u201d<\/strong>, documento que muestra su versatilidad para abordar ritmos m\u00e1s urbanos,\u00a0 rindiendo tributo a la riqueza del instrumento que les da nombre.<\/p>\n<p><strong><a href=\"http:\/\/ondalasuperestacion.com\/?s=guaco\" target=\"_blank\" rel=\"noopener noreferrer\">\u00a0Guaco<\/a>,\u00a0\u00a0<a href=\"http:\/\/ondalasuperestacion.com\/categorias-principal\/servando-y-florentino-junto-sharlene-estrenaron-mal-de-amor\/\" target=\"_blank\" rel=\"noopener noreferrer\">Servando Primera<\/a>,\u00a0<a href=\"http:\/\/ondalasuperestacion.com\/?s=el+pollo+brito\" target=\"_blank\" rel=\"noopener noreferrer\">Rafael \u201cel Pollo\u201d Brito<\/a>,<a href=\"http:\/\/ondalasuperestacion.com\/categorias-principal\/el-maestro-cheo-hurtado-converso-con-elba-y-mimi-sobre-el-concierto-por-la-paz-en-los-10-anos-la-siembra-del-cuatro\/\" target=\"_blank\" rel=\"noopener noreferrer\">\u00a0Cheo Hurtado<\/a>,\u00a0<a href=\"http:\/\/ondalasuperestacion.com\/?s=jose+delgado\" target=\"_blank\" rel=\"noopener noreferrer\">Jos\u00e9 Delgado<\/a>, Horacio Blanco,\u00a0<a href=\"http:\/\/ondalasuperestacion.com\/?s=aquiles+baez\" target=\"_blank\" rel=\"noopener noreferrer\">Aquiles B\u00e1ez<\/a>,\u00a0<a href=\"http:\/\/ondalasuperestacion.com\/categorias-principal\/aquiles-baez-trio-y-betsayda-machado-presentan-disco-san-miguel-en-noches-de-guataca\/\" target=\"_blank\" rel=\"noopener noreferrer\">Betsayda Machado<\/a>,\u00a0Marcial Ist\u00fariz<\/strong>, J<strong>uan Morales, Miguel S\u00e1nchez, Caryasenri Orozco<\/strong>\u00a0y los metales de\u00a0<a href=\"http:\/\/ondalasuperestacion.com\/?s=desorden+p%C3%BAblico\" target=\"_blank\" rel=\"noopener noreferrer\"><strong>Desorden P\u00fablico<\/strong><\/a>, entre otros destacados invitados, compartir\u00e1n escena en un espect\u00e1culo que promete grandes sorpresas.<\/p>\n<p><strong>El 25 de noviembre pr\u00f3ximo, a las 7:00 p.m.<\/strong>,\u00a0\u00a0 C4 Tr\u00edo, ecelebra sus primeros diez a\u00f1os en grande con un espect\u00e1culo multimedia que mostrar\u00e1, en pantalla y en escena, el talento y frescura que los caracteriza.<\/p>\n<p><strong>La sala R\u00edos Reyna del Teatro Teresa Carre\u00f1o<\/strong>\u00a0se llenar\u00e1 de buena m\u00fasica en esta fiesta en la que esta premiada agrupaci\u00f3n har\u00e1 delirar\u00a0 a su p\u00fablico con un repertorio variado, demostrando la versatilidad del cuatro al incursionar en otros estilos y ritmos.<\/p>\n<p><center><a href=\"https:\/\/www.youtube.com\/watch?feature=player_embedded&amp;v=cvku5DCp-Aw\"><iframe loading=\"lazy\" src=\"https:\/\/www.youtube.com\/embed\/cvku5DCp-Aw\" width=\"560\" height=\"315\" frameborder=\"0\" allowfullscreen=\"allowfullscreen\"><\/iframe><\/a><\/center>&nbsp;<\/p>\n<p><strong>#Los10DeC4<\/strong><\/p>\n<p>El origen de C4 Tr\u00edo est\u00e1 directamente emparentado con el Concurso Internacional La Siembra del Cuatro, ideado por el Maestro Cheo Hurtado, en el cual Jorge Glem, H\u00e9ctor Molina y Edward Ram\u00edrez tuvieron excelentes participaciones en las ediciones 2004 y 2005. Y es a ra\u00edz de ello cuando, en noviembre de 2005, estos tres m\u00fasicos fueron invitados, junto a un cuarto cuatrista, Rafael Mart\u00ednez, a participar en un concierto organizado por la\u00a0<strong>Fundaci\u00f3n Multifon\u00eda<\/strong>. All\u00ed cada uno har\u00eda una muestra de su trabajo como solista, pero espont\u00e1neamente estos m\u00fasicos decidieron hacer d\u00faos, tr\u00edos y un cierre final a cuarteto. Este momento marc\u00f3 la g\u00e9nesis de este grupo que tiene como figura predominante el cuatro venezolano.<\/p>\n<p>A casi diez a\u00f1os de su creaci\u00f3n, con cuatro discos en su haber\u00a0 (C4 Tr\u00edo, lanzado en 2006; Entre manos, de 2009; C4 + Gualberto, presentado en 2012 y De Repente, que data de 2013), una decena de Premios Pepsi Music,<strong>\u00a0tres postulaciones a los Latin Grammy en 2013 y 2014<\/strong>, en las categor\u00edas Mejor \u00e1lbum folcl\u00f3rico, en ambas ocasiones, y Mejor ingenier\u00eda de grabaci\u00f3n, en la segunda oportunidad,\u00a0 donde los ingenieros de grabaci\u00f3n, mezcla y masterizaci\u00f3n que participaron en el disco fueron galardonados; el grupo\u00a0 experimenta\u00a0 un gran momento en su carrera que se apresta a celebrar con el lanzamiento de un espectacular DVD.<\/p>\n<p><a href=\"http:\/\/ondalasuperestacion.com\/wp-content\/uploads\/2015\/10\/Guaco-c4-trio.jpg\"><img loading=\"lazy\" decoding=\"async\" class=\"aligncenter size-full wp-image-62821\" src=\"http:\/\/ondalasuperestacion.com\/wp-content\/uploads\/2015\/10\/Guaco-c4-trio.jpg\" alt=\"Guaco-c4-trio\" width=\"620\" height=\"300\" \/><\/a><\/p>\n<p>Dirigido por el cineasta Hern\u00e1n Jabes -el mismo de \u201cMacuro\u201d (2008) y la premiada\u00a0<strong>\u201cPiedra, Papel o Tijera\u201d<\/strong>\u00a0(20012)-,\u00a0 Los 10 de C4, que ser\u00e1 bautizado esa noche, es un documento audiovisual de enorme valor que ha sido realizado por Rojas Sosa Producciones y Quilombo Entertainment, en coproducci\u00f3n con Factor + RH.<\/p>\n<p>Este trabajo tiene como protagonistas a los actuales integrantes del grupo: sus cuatristas y fundadores:\u00a0<strong>Jorge Glem, H\u00e9ctor Molina y Edward Ram\u00edrez<\/strong>, y al bajista Gustavo M\u00e1rquez, quien se uni\u00f3 al grupo en agosto de 2014, cubriendo con\u00a0 gran solvencia el rol desempe\u00f1ado por el reconocido Rodner Padilla, quien se incorpor\u00f3 al grupo en 2009 enriqueciendo su propuesta musical.\u00a0 A su retiro, en enero de 2014, se uni\u00f3 al ensamble otro gran bajista, Gonzalo Teppa, quien se despidi\u00f3 en agosto de ese mismo a\u00f1o cuando, al igual que Padilla,\u00a0 se residenci\u00f3 en el exterior.<\/p>\n<p>En el video, filmado en el primer semestre de este a\u00f1o en la caraque\u00f1a Villa Planchart, verdadera joya de la arquitectura moderna; los acompa\u00f1an invitados de lujo como\u00a0<strong>Oscar D\u2019Le\u00f3n, Servando Primera, Guaco, el Pollo Brito,\u00a0 Cheo Hurtado, Francisco Pacheco y Desorden P\u00fablico<\/strong>, entre otros, muchos de los cuales han confirmado su presencia en esta celebraci\u00f3n aniversaria.<\/p>\n<p>Las entradas para Los 10 de C4 est\u00e1n a la venta en las taquillas del Teresa Carre\u00f1o, en Los Caobos, de martes a s\u00e1bado, de 9:00 am a 8:00 pm y los domingos de 9:00 am a 6:00 pm. Tambi\u00e9n pueden adquirir a trav\u00e9s de la p\u00e1gina Web www.teatroteresacarreno.gob.ve y de solotickets.com.<\/p>\n<p><a href=\"http:\/\/ondalasuperestacion.com\/wp-content\/uploads\/2015\/10\/C4-trio.jpg\"><img loading=\"lazy\" decoding=\"async\" class=\"aligncenter size-full wp-image-62822\" src=\"http:\/\/ondalasuperestacion.com\/wp-content\/uploads\/2015\/10\/C4-trio.jpg\" alt=\"C4-trio\" width=\"620\" height=\"300\" \/><\/a><\/p>\n<div class=\"sharedaddy sd-sharing-enabled\"><\/div>","protected":false},"excerpt":{"rendered":"<p>&nbsp; Esta cotizada agrupaci\u00f3n festeja\u00a0 su primera d\u00e9cada de \u00e9xitos con un concierto multimedia en la Sala R\u00edos Reyna, donde bautizar\u00e1 el DVD\u00a0\u00a0\u201cLos 10 de C4\u201d, documento que muestra su versatilidad para abordar ritmos m\u00e1s urbanos,\u00a0 rindiendo tributo a la riqueza del instrumento que les&#8230;<\/p>","protected":false},"author":1,"featured_media":1297,"comment_status":"open","ping_status":"open","sticky":false,"template":"","format":"standard","meta":{"footnotes":""},"categories":[6],"tags":[],"class_list":["post-1296","post","type-post","status-publish","format-standard","has-post-thumbnail","hentry","category-noticias-es"],"yoast_head":"<!-- This site is optimized with the Yoast SEO plugin v27.1.1 - https:\/\/yoast.com\/product\/yoast-seo-wordpress\/ -->\n<title>C4 Tr\u00edo festeja su d\u00e9cimo aniversario en el Teresa Carre\u00f1o. - C4 Tr\u00edo<\/title>\n<meta name=\"robots\" content=\"index, follow, max-snippet:-1, max-image-preview:large, max-video-preview:-1\" \/>\n<link rel=\"canonical\" href=\"https:\/\/www.c4trio.com\/en\/c4-trio-festeja-su-decimo-aniversario-en-el-teresa-carreno\/\" \/>\n<meta property=\"og:locale\" content=\"en_US\" \/>\n<meta property=\"og:type\" content=\"article\" \/>\n<meta property=\"og:title\" content=\"C4 Tr\u00edo festeja su d\u00e9cimo aniversario en el Teresa Carre\u00f1o. - C4 Tr\u00edo\" \/>\n<meta property=\"og:description\" content=\"&nbsp; Esta cotizada agrupaci\u00f3n festeja\u00a0 su primera d\u00e9cada de \u00e9xitos con un concierto multimedia en la Sala R\u00edos Reyna, donde bautizar\u00e1 el DVD\u00a0\u00a0\u201cLos 10 de C4\u201d, documento que muestra su versatilidad para abordar ritmos m\u00e1s urbanos,\u00a0 rindiendo tributo a la riqueza del instrumento que les...\" \/>\n<meta property=\"og:url\" content=\"https:\/\/www.c4trio.com\/en\/c4-trio-festeja-su-decimo-aniversario-en-el-teresa-carreno\/\" \/>\n<meta property=\"og:site_name\" content=\"C4 Tr\u00edo\" \/>\n<meta property=\"article:publisher\" content=\"https:\/\/www.facebook.com\/profile.php?id=100050537467192\" \/>\n<meta property=\"article:published_time\" content=\"2015-11-18T14:00:37+00:00\" \/>\n<meta name=\"author\" content=\"josuar_umbrella\" \/>\n<meta name=\"twitter:card\" content=\"summary_large_image\" \/>\n<meta name=\"twitter:creator\" content=\"@c4trio\" \/>\n<meta name=\"twitter:site\" content=\"@c4trio\" \/>\n<meta name=\"twitter:label1\" content=\"Written by\" \/>\n\t<meta name=\"twitter:data1\" content=\"josuar_umbrella\" \/>\n\t<meta name=\"twitter:label2\" content=\"Est. reading time\" \/>\n\t<meta name=\"twitter:data2\" content=\"3 minutes\" \/>\n<script type=\"application\/ld+json\" class=\"yoast-schema-graph\">{\"@context\":\"https:\/\/schema.org\",\"@graph\":[{\"@type\":\"Article\",\"@id\":\"https:\/\/www.c4trio.com\/c4-trio-festeja-su-decimo-aniversario-en-el-teresa-carreno\/#article\",\"isPartOf\":{\"@id\":\"https:\/\/www.c4trio.com\/c4-trio-festeja-su-decimo-aniversario-en-el-teresa-carreno\/\"},\"author\":{\"name\":\"josuar_umbrella\",\"@id\":\"https:\/\/www.c4trio.com\/#\/schema\/person\/34827e0df8bd01ccb69a0da8c48487ed\"},\"headline\":\"C4 Tr\u00edo festeja su d\u00e9cimo aniversario en el Teresa Carre\u00f1o.\",\"datePublished\":\"2015-11-18T14:00:37+00:00\",\"mainEntityOfPage\":{\"@id\":\"https:\/\/www.c4trio.com\/c4-trio-festeja-su-decimo-aniversario-en-el-teresa-carreno\/\"},\"wordCount\":705,\"commentCount\":1,\"publisher\":{\"@id\":\"https:\/\/www.c4trio.com\/#organization\"},\"image\":{\"@id\":\"https:\/\/www.c4trio.com\/c4-trio-festeja-su-decimo-aniversario-en-el-teresa-carreno\/#primaryimage\"},\"thumbnailUrl\":\"\",\"articleSection\":[\"Noticias\"],\"inLanguage\":\"en-US\",\"potentialAction\":[{\"@type\":\"CommentAction\",\"name\":\"Comment\",\"target\":[\"https:\/\/www.c4trio.com\/c4-trio-festeja-su-decimo-aniversario-en-el-teresa-carreno\/#respond\"]}]},{\"@type\":\"WebPage\",\"@id\":\"https:\/\/www.c4trio.com\/c4-trio-festeja-su-decimo-aniversario-en-el-teresa-carreno\/\",\"url\":\"https:\/\/www.c4trio.com\/c4-trio-festeja-su-decimo-aniversario-en-el-teresa-carreno\/\",\"name\":\"C4 Tr\u00edo festeja su d\u00e9cimo aniversario en el Teresa Carre\u00f1o. - C4 Tr\u00edo\",\"isPartOf\":{\"@id\":\"https:\/\/www.c4trio.com\/#website\"},\"primaryImageOfPage\":{\"@id\":\"https:\/\/www.c4trio.com\/c4-trio-festeja-su-decimo-aniversario-en-el-teresa-carreno\/#primaryimage\"},\"image\":{\"@id\":\"https:\/\/www.c4trio.com\/c4-trio-festeja-su-decimo-aniversario-en-el-teresa-carreno\/#primaryimage\"},\"thumbnailUrl\":\"\",\"datePublished\":\"2015-11-18T14:00:37+00:00\",\"breadcrumb\":{\"@id\":\"https:\/\/www.c4trio.com\/c4-trio-festeja-su-decimo-aniversario-en-el-teresa-carreno\/#breadcrumb\"},\"inLanguage\":\"en-US\",\"potentialAction\":[{\"@type\":\"ReadAction\",\"target\":[\"https:\/\/www.c4trio.com\/c4-trio-festeja-su-decimo-aniversario-en-el-teresa-carreno\/\"]}]},{\"@type\":\"ImageObject\",\"inLanguage\":\"en-US\",\"@id\":\"https:\/\/www.c4trio.com\/c4-trio-festeja-su-decimo-aniversario-en-el-teresa-carreno\/#primaryimage\",\"url\":\"\",\"contentUrl\":\"\"},{\"@type\":\"BreadcrumbList\",\"@id\":\"https:\/\/www.c4trio.com\/c4-trio-festeja-su-decimo-aniversario-en-el-teresa-carreno\/#breadcrumb\",\"itemListElement\":[{\"@type\":\"ListItem\",\"position\":1,\"name\":\"Portada\",\"item\":\"https:\/\/www.c4trio.com\/\"},{\"@type\":\"ListItem\",\"position\":2,\"name\":\"C4 Tr\u00edo festeja su d\u00e9cimo aniversario en el Teresa Carre\u00f1o.\"}]},{\"@type\":\"WebSite\",\"@id\":\"https:\/\/www.c4trio.com\/#website\",\"url\":\"https:\/\/www.c4trio.com\/\",\"name\":\"C4 Tr\u00edo\",\"description\":\"P\u00e1gina Oficial\",\"publisher\":{\"@id\":\"https:\/\/www.c4trio.com\/#organization\"},\"potentialAction\":[{\"@type\":\"SearchAction\",\"target\":{\"@type\":\"EntryPoint\",\"urlTemplate\":\"https:\/\/www.c4trio.com\/?s={search_term_string}\"},\"query-input\":{\"@type\":\"PropertyValueSpecification\",\"valueRequired\":true,\"valueName\":\"search_term_string\"}}],\"inLanguage\":\"en-US\"},{\"@type\":\"Organization\",\"@id\":\"https:\/\/www.c4trio.com\/#organization\",\"name\":\"C4 Tr\u00edo\",\"url\":\"https:\/\/www.c4trio.com\/\",\"logo\":{\"@type\":\"ImageObject\",\"inLanguage\":\"en-US\",\"@id\":\"https:\/\/www.c4trio.com\/#\/schema\/logo\/image\/\",\"url\":\"https:\/\/www.c4trio.com\/wp-content\/uploads\/2016\/09\/logo.png\",\"contentUrl\":\"https:\/\/www.c4trio.com\/wp-content\/uploads\/2016\/09\/logo.png\",\"width\":365,\"height\":80,\"caption\":\"C4 Tr\u00edo\"},\"image\":{\"@id\":\"https:\/\/www.c4trio.com\/#\/schema\/logo\/image\/\"},\"sameAs\":[\"https:\/\/www.facebook.com\/profile.php?id=100050537467192\",\"https:\/\/x.com\/c4trio\",\"https:\/\/www.instagram.com\/c4trio\"]},{\"@type\":\"Person\",\"@id\":\"https:\/\/www.c4trio.com\/#\/schema\/person\/34827e0df8bd01ccb69a0da8c48487ed\",\"name\":\"josuar_umbrella\",\"image\":{\"@type\":\"ImageObject\",\"inLanguage\":\"en-US\",\"@id\":\"https:\/\/www.c4trio.com\/#\/schema\/person\/image\/\",\"url\":\"https:\/\/secure.gravatar.com\/avatar\/d5546336be5d9d70d3a439237c09c9921c6569aad089976128d970ff59c770fe?s=96&d=mm&r=g\",\"contentUrl\":\"https:\/\/secure.gravatar.com\/avatar\/d5546336be5d9d70d3a439237c09c9921c6569aad089976128d970ff59c770fe?s=96&d=mm&r=g\",\"caption\":\"josuar_umbrella\"},\"sameAs\":[\"https:\/\/josuarochoa.com\/c4trio\"],\"url\":\"https:\/\/www.c4trio.com\/en\/author\/josuar_umbrella\/\"}]}<\/script>\n<!-- \/ Yoast SEO plugin. -->","yoast_head_json":{"title":"C4 Tr\u00edo festeja su d\u00e9cimo aniversario en el Teresa Carre\u00f1o. - C4 Tr\u00edo","robots":{"index":"index","follow":"follow","max-snippet":"max-snippet:-1","max-image-preview":"max-image-preview:large","max-video-preview":"max-video-preview:-1"},"canonical":"https:\/\/www.c4trio.com\/en\/c4-trio-festeja-su-decimo-aniversario-en-el-teresa-carreno\/","og_locale":"en_US","og_type":"article","og_title":"C4 Tr\u00edo festeja su d\u00e9cimo aniversario en el Teresa Carre\u00f1o. - C4 Tr\u00edo","og_description":"&nbsp; Esta cotizada agrupaci\u00f3n festeja\u00a0 su primera d\u00e9cada de \u00e9xitos con un concierto multimedia en la Sala R\u00edos Reyna, donde bautizar\u00e1 el DVD\u00a0\u00a0\u201cLos 10 de C4\u201d, documento que muestra su versatilidad para abordar ritmos m\u00e1s urbanos,\u00a0 rindiendo tributo a la riqueza del instrumento que les...","og_url":"https:\/\/www.c4trio.com\/en\/c4-trio-festeja-su-decimo-aniversario-en-el-teresa-carreno\/","og_site_name":"C4 Tr\u00edo","article_publisher":"https:\/\/www.facebook.com\/profile.php?id=100050537467192","article_published_time":"2015-11-18T14:00:37+00:00","author":"josuar_umbrella","twitter_card":"summary_large_image","twitter_creator":"@c4trio","twitter_site":"@c4trio","twitter_misc":{"Written by":"josuar_umbrella","Est. reading time":"3 minutes"},"schema":{"@context":"https:\/\/schema.org","@graph":[{"@type":"Article","@id":"https:\/\/www.c4trio.com\/c4-trio-festeja-su-decimo-aniversario-en-el-teresa-carreno\/#article","isPartOf":{"@id":"https:\/\/www.c4trio.com\/c4-trio-festeja-su-decimo-aniversario-en-el-teresa-carreno\/"},"author":{"name":"josuar_umbrella","@id":"https:\/\/www.c4trio.com\/#\/schema\/person\/34827e0df8bd01ccb69a0da8c48487ed"},"headline":"C4 Tr\u00edo festeja su d\u00e9cimo aniversario en el Teresa Carre\u00f1o.","datePublished":"2015-11-18T14:00:37+00:00","mainEntityOfPage":{"@id":"https:\/\/www.c4trio.com\/c4-trio-festeja-su-decimo-aniversario-en-el-teresa-carreno\/"},"wordCount":705,"commentCount":1,"publisher":{"@id":"https:\/\/www.c4trio.com\/#organization"},"image":{"@id":"https:\/\/www.c4trio.com\/c4-trio-festeja-su-decimo-aniversario-en-el-teresa-carreno\/#primaryimage"},"thumbnailUrl":"","articleSection":["Noticias"],"inLanguage":"en-US","potentialAction":[{"@type":"CommentAction","name":"Comment","target":["https:\/\/www.c4trio.com\/c4-trio-festeja-su-decimo-aniversario-en-el-teresa-carreno\/#respond"]}]},{"@type":"WebPage","@id":"https:\/\/www.c4trio.com\/c4-trio-festeja-su-decimo-aniversario-en-el-teresa-carreno\/","url":"https:\/\/www.c4trio.com\/c4-trio-festeja-su-decimo-aniversario-en-el-teresa-carreno\/","name":"C4 Tr\u00edo festeja su d\u00e9cimo aniversario en el Teresa Carre\u00f1o. - C4 Tr\u00edo","isPartOf":{"@id":"https:\/\/www.c4trio.com\/#website"},"primaryImageOfPage":{"@id":"https:\/\/www.c4trio.com\/c4-trio-festeja-su-decimo-aniversario-en-el-teresa-carreno\/#primaryimage"},"image":{"@id":"https:\/\/www.c4trio.com\/c4-trio-festeja-su-decimo-aniversario-en-el-teresa-carreno\/#primaryimage"},"thumbnailUrl":"","datePublished":"2015-11-18T14:00:37+00:00","breadcrumb":{"@id":"https:\/\/www.c4trio.com\/c4-trio-festeja-su-decimo-aniversario-en-el-teresa-carreno\/#breadcrumb"},"inLanguage":"en-US","potentialAction":[{"@type":"ReadAction","target":["https:\/\/www.c4trio.com\/c4-trio-festeja-su-decimo-aniversario-en-el-teresa-carreno\/"]}]},{"@type":"ImageObject","inLanguage":"en-US","@id":"https:\/\/www.c4trio.com\/c4-trio-festeja-su-decimo-aniversario-en-el-teresa-carreno\/#primaryimage","url":"","contentUrl":""},{"@type":"BreadcrumbList","@id":"https:\/\/www.c4trio.com\/c4-trio-festeja-su-decimo-aniversario-en-el-teresa-carreno\/#breadcrumb","itemListElement":[{"@type":"ListItem","position":1,"name":"Portada","item":"https:\/\/www.c4trio.com\/"},{"@type":"ListItem","position":2,"name":"C4 Tr\u00edo festeja su d\u00e9cimo aniversario en el Teresa Carre\u00f1o."}]},{"@type":"WebSite","@id":"https:\/\/www.c4trio.com\/#website","url":"https:\/\/www.c4trio.com\/","name":"C4 Trio","description":"P\u00e1gina Oficial","publisher":{"@id":"https:\/\/www.c4trio.com\/#organization"},"potentialAction":[{"@type":"SearchAction","target":{"@type":"EntryPoint","urlTemplate":"https:\/\/www.c4trio.com\/?s={search_term_string}"},"query-input":{"@type":"PropertyValueSpecification","valueRequired":true,"valueName":"search_term_string"}}],"inLanguage":"en-US"},{"@type":"Organization","@id":"https:\/\/www.c4trio.com\/#organization","name":"C4 Trio","url":"https:\/\/www.c4trio.com\/","logo":{"@type":"ImageObject","inLanguage":"en-US","@id":"https:\/\/www.c4trio.com\/#\/schema\/logo\/image\/","url":"https:\/\/www.c4trio.com\/wp-content\/uploads\/2016\/09\/logo.png","contentUrl":"https:\/\/www.c4trio.com\/wp-content\/uploads\/2016\/09\/logo.png","width":365,"height":80,"caption":"C4 Tr\u00edo"},"image":{"@id":"https:\/\/www.c4trio.com\/#\/schema\/logo\/image\/"},"sameAs":["https:\/\/www.facebook.com\/profile.php?id=100050537467192","https:\/\/x.com\/c4trio","https:\/\/www.instagram.com\/c4trio"]},{"@type":"Person","@id":"https:\/\/www.c4trio.com\/#\/schema\/person\/34827e0df8bd01ccb69a0da8c48487ed","name":"josuar_umbrella","image":{"@type":"ImageObject","inLanguage":"en-US","@id":"https:\/\/www.c4trio.com\/#\/schema\/person\/image\/","url":"https:\/\/secure.gravatar.com\/avatar\/d5546336be5d9d70d3a439237c09c9921c6569aad089976128d970ff59c770fe?s=96&d=mm&r=g","contentUrl":"https:\/\/secure.gravatar.com\/avatar\/d5546336be5d9d70d3a439237c09c9921c6569aad089976128d970ff59c770fe?s=96&d=mm&r=g","caption":"josuar_umbrella"},"sameAs":["https:\/\/josuarochoa.com\/c4trio"],"url":"https:\/\/www.c4trio.com\/en\/author\/josuar_umbrella\/"}]}},"_links":{"self":[{"href":"https:\/\/www.c4trio.com\/en\/wp-json\/wp\/v2\/posts\/1296","targetHints":{"allow":["GET"]}}],"collection":[{"href":"https:\/\/www.c4trio.com\/en\/wp-json\/wp\/v2\/posts"}],"about":[{"href":"https:\/\/www.c4trio.com\/en\/wp-json\/wp\/v2\/types\/post"}],"author":[{"embeddable":true,"href":"https:\/\/www.c4trio.com\/en\/wp-json\/wp\/v2\/users\/1"}],"replies":[{"embeddable":true,"href":"https:\/\/www.c4trio.com\/en\/wp-json\/wp\/v2\/comments?post=1296"}],"version-history":[{"count":0,"href":"https:\/\/www.c4trio.com\/en\/wp-json\/wp\/v2\/posts\/1296\/revisions"}],"wp:featuredmedia":[{"embeddable":true,"href":"https:\/\/www.c4trio.com\/en\/wp-json\/"}],"wp:attachment":[{"href":"https:\/\/www.c4trio.com\/en\/wp-json\/wp\/v2\/media?parent=1296"}],"wp:term":[{"taxonomy":"category","embeddable":true,"href":"https:\/\/www.c4trio.com\/en\/wp-json\/wp\/v2\/categories?post=1296"},{"taxonomy":"post_tag","embeddable":true,"href":"https:\/\/www.c4trio.com\/en\/wp-json\/wp\/v2\/tags?post=1296"}],"curies":[{"name":"wp","href":"https:\/\/api.w.org\/{rel}","templated":true}]}}