{"id":1196,"date":"2015-07-28T17:12:50","date_gmt":"2015-07-28T17:12:50","guid":{"rendered":"http:\/\/c4trio.com\/site\/?p=1196"},"modified":"2015-07-28T17:12:50","modified_gmt":"2015-07-28T17:12:50","slug":"ilan-chester-celebra-30-anos-de-musica-con-concierto-en-miami%e2%80%8f-invitados-especiales-c4-trio","status":"publish","type":"post","link":"https:\/\/www.c4trio.com\/en\/ilan-chester-celebra-30-anos-de-musica-con-concierto-en-miami%e2%80%8f-invitados-especiales-c4-trio\/","title":{"rendered":"Ilan Chester celebra 30 a\u00f1os de m\u00fasica con concierto en Miami\u200f, invitados especiales C4 Tr\u00edo."},"content":{"rendered":"<figure class=\"feat-thumb\"><a class=\"opac cboxElement\" title=\"Ilan Chester celebra 30 a\u00f1os de m\u00fasica con concierto en Miami\u200f\" href=\"http:\/\/boomonline.com\/wp-content\/uploads\/sites\/11\/2015\/07\/ilan.jpg\" rel=\"lightbox\"> <img loading=\"lazy\" decoding=\"async\" class=\"alignleft\" src=\"http:\/\/boomonline.com\/wp-content\/uploads\/sites\/11\/2015\/07\/ilan.jpg\" alt=\"Ilan Chester celebra 30 a\u00f1os de m\u00fasica con concierto en Miami\u200f\" width=\"714\" height=\"346\" \/><\/a><\/figure>\n<div class=\"post-outer clearfix\">\n<div class=\"post-title\">\n<h1 class=\"entry-title\"><\/h1>\n<h1 class=\"entry-title\"><\/h1>\n<h1 class=\"entry-title\"><\/h1>\n<h1 class=\"entry-title\">Ilan Chester celebra 30 a\u00f1os de m\u00fasica con concierto en Miami\u200f<\/h1>\n<h2><\/h2>\n<\/div>\n<div class=\"post-meta-blog\"><span class=\"meta_author vcard author\"><span class=\"fn\">Posted by <a title=\"Entradas de Linda Carta\" href=\"http:\/\/boomonline.com\/author\/linda-carta\/\" rel=\"author\">Linda Carta<\/a><\/span><\/span> <span class=\"meta_date updated\">On julio 27, 2015<\/span><\/div>\n<div class=\"post_content entry-content\">\n<p><span lang=\"es-ES\">El pr\u00f3ximo s\u00e1bado 15 de Agosto, el Bank United Center de la Universidad de Miami, abrir\u00e1 sus puertas para una fiesta musical: la celebraci\u00f3n de los 30 a\u00f1os de carrera art\u00edstica de Ilan Chester, el m\u00fasico de Venezuela.<\/span><\/p>\n<p><span lang=\"es-ES\">Acompa\u00f1ado de una gran banda conformada por el bajista Rodner Padilla, el baterista Iv\u00e1n Vel\u00e1zquez y el guitarrista Camilo<\/span> <span lang=\"es-ES\">Velandia;<\/span> <span lang=\"es-ES\">Ilan har\u00e1 un recorrido por las canciones que el p\u00fablico ha coreado durante estas tres d\u00e9cadas y ha hecho parte de sus vidas. Ser\u00e1 una noche que promete mucha m\u00fasica, humor, amor y amistad.<\/span><\/p>\n<p><span lang=\"es-ES\">Desde que irrumpiera en los 80 con su \u00a0\u201c<em>Canto al \u00c1vila\u201d<\/em>, el cantautor se convirti\u00f3 en una referencia obligada de la m\u00fasica de Venezuela en toda Am\u00e9rica Latina. Ilan ha reflejado su virtuosismo en cada una de sus canciones mezclando diversos g\u00e9neros musicales para crear un estilo \u00fanico e inconfundible. Sus influencias musicales son tan amplias que van desde la\u00a0m\u00fasica cl\u00e1sica hasta el rock, pasando por canciones tradicionales jud\u00edas, francesas e italianas, el bolero, la m\u00fasica del Caribe y hasta el blues.<\/span><\/p>\n<p><span lang=\"es-ES\">Desde la \u00e9poca en que sus canciones eran sonadas una y otra vez en las emisoras de radio, Ilan Chester ha mantenido una estrecha y genuina relaci\u00f3n de cari\u00f1o con su p\u00fablico, y no puede ser de otra manera, ya que su m\u00fasica forma parte de la banda sonora de varias generaciones. Temas como \u201cCanto al \u00c1vila\u201d, \u201cUna en Un Mill\u00f3n\u201d, \u201cQu\u00e9 pas\u00f3\u201d, \u201cMarea de la mar\u201d, \u201cPalabras del Alma\u201d, \u201cEl Destino\u201d, \u201cSabe a Calidad\u201d, \u201cEs Verdad\u201d o \u201cAbran Paso\u201d; ser\u00e1n rememoradas en este encuentro para celebrar este v\u00ednculo de amistad incondicional.<\/span><\/p>\n<p><span lang=\"es-ES\">A pesar de su prol\u00edfica carrera como cantautor, fue galardonado en el a\u00f1o 2010 con un <\/span><span lang=\"es-ES\">Grammy Latino<\/span><span lang=\"es-ES\">\u00a0en la categor\u00eda <\/span><span lang=\"es-ES\">\u201cMejor \u00c1lbum Folkl\u00f3rico\u201d<\/span><span lang=\"es-ES\"> por su colecci\u00f3n de 6 CDs <\/span><span lang=\"es-ES\">\u201cTesoros de la M\u00fasica Venezolana\u201d<\/span><span lang=\"es-ES\">. Adem\u00e1s, cantantes internacionales de la talla de \u00a0Cheo Feliciano, Marc Anthony, Ricardo Montaner y Yuri, por mencionar algunos, tambi\u00e9n han grabado sus composiciones.<\/span><\/p>\n<p><strong><span lang=\"es-ES\">Carlos Mata y C4Tr\u00edo: Humor, \u00a0Amor y M\u00fasica:<\/span><\/strong><\/p>\n<p><span lang=\"es-ES\">Adem\u00e1s de sus canciones de siempre, la celebraci\u00f3n de sus 30 a\u00f1os de carrera contar\u00e1 con la participaci\u00f3n de dos artistas venezolanos que tambi\u00e9n se han ganado el aplauso y la admiraci\u00f3n del p\u00fablico: Carlos Mata y la agrupaci\u00f3n C4Tr\u00edo.<\/span><\/p>\n<p><span lang=\"es-ES\">Ilan y Carlos no solo compartieron aquella \u00e9poca de los 80 en la que se dieron a conocer, sino que desde entonces conservan una gran amistad. Carlos est\u00e1 preparando algo especial para esa ocasi\u00f3n que es una sorpresa para todos, incluso para Ilan. Por su parte, los virtuosos j\u00f3venes de C4Tr\u00edo, deleitar\u00e1n de nuevo al p\u00fablico de Miami con una propuesta fresca e innovadora, en el que el cuatro y la m\u00fasica venezolana cobran una nueva y virtuosa dimensi\u00f3n.<\/span><\/p>\n<p><strong><span lang=\"es-ES\">Con\u00e9ctate y s\u00e9 parte de la Celebraci\u00f3n:<\/span><\/strong><\/p>\n<p><span lang=\"es-ES\">Para Ilan, la relaci\u00f3n que ha mantenido con su p\u00fablico a trav\u00e9s del tiempo, es el motor de su carrera. As\u00ed que adem\u00e1s de asistir al concierto y corear sus canciones favoritas, tendr\u00e1n la oportunidad participar en esta celebraci\u00f3n usando los hashtag #CelebrandotodosconIlan y\/o #MiCanci\u00f3nFavoritaDeIlanEs.<\/span><\/p>\n<\/div>\n<\/div>\n<div id=\"__if72ru4sdfsdfruh7fewui_once\" style=\"display: none;\"><\/div>\n<div id=\"__zsc_once\"><\/div>\n<div id=\"__hggasdgjhsagd_once\" style=\"display: none;\"><\/div>","protected":false},"excerpt":{"rendered":"<p>Ilan Chester celebra 30 a\u00f1os de m\u00fasica con concierto en Miami\u200f Posted by Linda Carta On julio 27, 2015 El pr\u00f3ximo s\u00e1bado 15 de Agosto, el Bank United Center de la Universidad de Miami, abrir\u00e1 sus puertas para una fiesta musical: la celebraci\u00f3n de los&#8230;<\/p>","protected":false},"author":1,"featured_media":1197,"comment_status":"open","ping_status":"open","sticky":false,"template":"","format":"standard","meta":{"footnotes":""},"categories":[6],"tags":[],"class_list":["post-1196","post","type-post","status-publish","format-standard","has-post-thumbnail","hentry","category-noticias-es"],"yoast_head":"<!-- This site is optimized with the Yoast SEO plugin v27.1.1 - https:\/\/yoast.com\/product\/yoast-seo-wordpress\/ -->\n<title>Ilan Chester celebra 30 a\u00f1os de m\u00fasica con concierto en Miami\u200f, invitados especiales C4 Tr\u00edo. - C4 Tr\u00edo<\/title>\n<meta name=\"robots\" content=\"index, follow, max-snippet:-1, max-image-preview:large, max-video-preview:-1\" \/>\n<link rel=\"canonical\" href=\"https:\/\/www.c4trio.com\/en\/ilan-chester-celebra-30-anos-de-musica-con-concierto-en-miami\u200f-invitados-especiales-c4-trio\/\" \/>\n<meta property=\"og:locale\" content=\"en_US\" \/>\n<meta property=\"og:type\" content=\"article\" \/>\n<meta property=\"og:title\" content=\"Ilan Chester celebra 30 a\u00f1os de m\u00fasica con concierto en Miami\u200f, invitados especiales C4 Tr\u00edo. - C4 Tr\u00edo\" \/>\n<meta property=\"og:description\" content=\"Ilan Chester celebra 30 a\u00f1os de m\u00fasica con concierto en Miami\u200f Posted by Linda Carta On julio 27, 2015 El pr\u00f3ximo s\u00e1bado 15 de Agosto, el Bank United Center de la Universidad de Miami, abrir\u00e1 sus puertas para una fiesta musical: la celebraci\u00f3n de los...\" \/>\n<meta property=\"og:url\" content=\"https:\/\/www.c4trio.com\/en\/ilan-chester-celebra-30-anos-de-musica-con-concierto-en-miami\u200f-invitados-especiales-c4-trio\/\" \/>\n<meta property=\"og:site_name\" content=\"C4 Tr\u00edo\" \/>\n<meta property=\"article:publisher\" content=\"https:\/\/www.facebook.com\/profile.php?id=100050537467192\" \/>\n<meta property=\"article:published_time\" content=\"2015-07-28T17:12:50+00:00\" \/>\n<meta name=\"author\" content=\"josuar_umbrella\" \/>\n<meta name=\"twitter:card\" content=\"summary_large_image\" \/>\n<meta name=\"twitter:creator\" content=\"@c4trio\" \/>\n<meta name=\"twitter:site\" content=\"@c4trio\" \/>\n<meta name=\"twitter:label1\" content=\"Written by\" \/>\n\t<meta name=\"twitter:data1\" content=\"josuar_umbrella\" \/>\n\t<meta name=\"twitter:label2\" content=\"Est. reading time\" \/>\n\t<meta name=\"twitter:data2\" content=\"3 minutes\" \/>\n<script type=\"application\/ld+json\" class=\"yoast-schema-graph\">{\"@context\":\"https:\/\/schema.org\",\"@graph\":[{\"@type\":\"Article\",\"@id\":\"https:\/\/www.c4trio.com\/ilan-chester-celebra-30-anos-de-musica-con-concierto-en-miami%e2%80%8f-invitados-especiales-c4-trio\/#article\",\"isPartOf\":{\"@id\":\"https:\/\/www.c4trio.com\/ilan-chester-celebra-30-anos-de-musica-con-concierto-en-miami%e2%80%8f-invitados-especiales-c4-trio\/\"},\"author\":{\"name\":\"josuar_umbrella\",\"@id\":\"https:\/\/www.c4trio.com\/#\/schema\/person\/34827e0df8bd01ccb69a0da8c48487ed\"},\"headline\":\"Ilan Chester celebra 30 a\u00f1os de m\u00fasica con concierto en Miami\u200f, invitados especiales C4 Tr\u00edo.\",\"datePublished\":\"2015-07-28T17:12:50+00:00\",\"mainEntityOfPage\":{\"@id\":\"https:\/\/www.c4trio.com\/ilan-chester-celebra-30-anos-de-musica-con-concierto-en-miami%e2%80%8f-invitados-especiales-c4-trio\/\"},\"wordCount\":597,\"commentCount\":0,\"publisher\":{\"@id\":\"https:\/\/www.c4trio.com\/#organization\"},\"image\":{\"@id\":\"https:\/\/www.c4trio.com\/ilan-chester-celebra-30-anos-de-musica-con-concierto-en-miami%e2%80%8f-invitados-especiales-c4-trio\/#primaryimage\"},\"thumbnailUrl\":\"\",\"articleSection\":[\"Noticias\"],\"inLanguage\":\"en-US\",\"potentialAction\":[{\"@type\":\"CommentAction\",\"name\":\"Comment\",\"target\":[\"https:\/\/www.c4trio.com\/ilan-chester-celebra-30-anos-de-musica-con-concierto-en-miami%e2%80%8f-invitados-especiales-c4-trio\/#respond\"]}]},{\"@type\":\"WebPage\",\"@id\":\"https:\/\/www.c4trio.com\/ilan-chester-celebra-30-anos-de-musica-con-concierto-en-miami%e2%80%8f-invitados-especiales-c4-trio\/\",\"url\":\"https:\/\/www.c4trio.com\/ilan-chester-celebra-30-anos-de-musica-con-concierto-en-miami%e2%80%8f-invitados-especiales-c4-trio\/\",\"name\":\"Ilan Chester celebra 30 a\u00f1os de m\u00fasica con concierto en Miami\u200f, invitados especiales C4 Tr\u00edo. - C4 Tr\u00edo\",\"isPartOf\":{\"@id\":\"https:\/\/www.c4trio.com\/#website\"},\"primaryImageOfPage\":{\"@id\":\"https:\/\/www.c4trio.com\/ilan-chester-celebra-30-anos-de-musica-con-concierto-en-miami%e2%80%8f-invitados-especiales-c4-trio\/#primaryimage\"},\"image\":{\"@id\":\"https:\/\/www.c4trio.com\/ilan-chester-celebra-30-anos-de-musica-con-concierto-en-miami%e2%80%8f-invitados-especiales-c4-trio\/#primaryimage\"},\"thumbnailUrl\":\"\",\"datePublished\":\"2015-07-28T17:12:50+00:00\",\"breadcrumb\":{\"@id\":\"https:\/\/www.c4trio.com\/ilan-chester-celebra-30-anos-de-musica-con-concierto-en-miami%e2%80%8f-invitados-especiales-c4-trio\/#breadcrumb\"},\"inLanguage\":\"en-US\",\"potentialAction\":[{\"@type\":\"ReadAction\",\"target\":[\"https:\/\/www.c4trio.com\/ilan-chester-celebra-30-anos-de-musica-con-concierto-en-miami%e2%80%8f-invitados-especiales-c4-trio\/\"]}]},{\"@type\":\"ImageObject\",\"inLanguage\":\"en-US\",\"@id\":\"https:\/\/www.c4trio.com\/ilan-chester-celebra-30-anos-de-musica-con-concierto-en-miami%e2%80%8f-invitados-especiales-c4-trio\/#primaryimage\",\"url\":\"\",\"contentUrl\":\"\"},{\"@type\":\"BreadcrumbList\",\"@id\":\"https:\/\/www.c4trio.com\/ilan-chester-celebra-30-anos-de-musica-con-concierto-en-miami%e2%80%8f-invitados-especiales-c4-trio\/#breadcrumb\",\"itemListElement\":[{\"@type\":\"ListItem\",\"position\":1,\"name\":\"Portada\",\"item\":\"https:\/\/www.c4trio.com\/\"},{\"@type\":\"ListItem\",\"position\":2,\"name\":\"Ilan Chester celebra 30 a\u00f1os de m\u00fasica con concierto en Miami\u200f, invitados especiales C4 Tr\u00edo.\"}]},{\"@type\":\"WebSite\",\"@id\":\"https:\/\/www.c4trio.com\/#website\",\"url\":\"https:\/\/www.c4trio.com\/\",\"name\":\"C4 Tr\u00edo\",\"description\":\"P\u00e1gina Oficial\",\"publisher\":{\"@id\":\"https:\/\/www.c4trio.com\/#organization\"},\"potentialAction\":[{\"@type\":\"SearchAction\",\"target\":{\"@type\":\"EntryPoint\",\"urlTemplate\":\"https:\/\/www.c4trio.com\/?s={search_term_string}\"},\"query-input\":{\"@type\":\"PropertyValueSpecification\",\"valueRequired\":true,\"valueName\":\"search_term_string\"}}],\"inLanguage\":\"en-US\"},{\"@type\":\"Organization\",\"@id\":\"https:\/\/www.c4trio.com\/#organization\",\"name\":\"C4 Tr\u00edo\",\"url\":\"https:\/\/www.c4trio.com\/\",\"logo\":{\"@type\":\"ImageObject\",\"inLanguage\":\"en-US\",\"@id\":\"https:\/\/www.c4trio.com\/#\/schema\/logo\/image\/\",\"url\":\"https:\/\/www.c4trio.com\/wp-content\/uploads\/2016\/09\/logo.png\",\"contentUrl\":\"https:\/\/www.c4trio.com\/wp-content\/uploads\/2016\/09\/logo.png\",\"width\":365,\"height\":80,\"caption\":\"C4 Tr\u00edo\"},\"image\":{\"@id\":\"https:\/\/www.c4trio.com\/#\/schema\/logo\/image\/\"},\"sameAs\":[\"https:\/\/www.facebook.com\/profile.php?id=100050537467192\",\"https:\/\/x.com\/c4trio\",\"https:\/\/www.instagram.com\/c4trio\"]},{\"@type\":\"Person\",\"@id\":\"https:\/\/www.c4trio.com\/#\/schema\/person\/34827e0df8bd01ccb69a0da8c48487ed\",\"name\":\"josuar_umbrella\",\"image\":{\"@type\":\"ImageObject\",\"inLanguage\":\"en-US\",\"@id\":\"https:\/\/www.c4trio.com\/#\/schema\/person\/image\/\",\"url\":\"https:\/\/secure.gravatar.com\/avatar\/d5546336be5d9d70d3a439237c09c9921c6569aad089976128d970ff59c770fe?s=96&d=mm&r=g\",\"contentUrl\":\"https:\/\/secure.gravatar.com\/avatar\/d5546336be5d9d70d3a439237c09c9921c6569aad089976128d970ff59c770fe?s=96&d=mm&r=g\",\"caption\":\"josuar_umbrella\"},\"sameAs\":[\"https:\/\/josuarochoa.com\/c4trio\"],\"url\":\"https:\/\/www.c4trio.com\/en\/author\/josuar_umbrella\/\"}]}<\/script>\n<!-- \/ Yoast SEO plugin. -->","yoast_head_json":{"title":"Ilan Chester celebra 30 a\u00f1os de m\u00fasica con concierto en Miami\u200f, invitados especiales C4 Tr\u00edo. - C4 Tr\u00edo","robots":{"index":"index","follow":"follow","max-snippet":"max-snippet:-1","max-image-preview":"max-image-preview:large","max-video-preview":"max-video-preview:-1"},"canonical":"https:\/\/www.c4trio.com\/en\/ilan-chester-celebra-30-anos-de-musica-con-concierto-en-miami\u200f-invitados-especiales-c4-trio\/","og_locale":"en_US","og_type":"article","og_title":"Ilan Chester celebra 30 a\u00f1os de m\u00fasica con concierto en Miami\u200f, invitados especiales C4 Tr\u00edo. - C4 Tr\u00edo","og_description":"Ilan Chester celebra 30 a\u00f1os de m\u00fasica con concierto en Miami\u200f Posted by Linda Carta On julio 27, 2015 El pr\u00f3ximo s\u00e1bado 15 de Agosto, el Bank United Center de la Universidad de Miami, abrir\u00e1 sus puertas para una fiesta musical: la celebraci\u00f3n de los...","og_url":"https:\/\/www.c4trio.com\/en\/ilan-chester-celebra-30-anos-de-musica-con-concierto-en-miami\u200f-invitados-especiales-c4-trio\/","og_site_name":"C4 Tr\u00edo","article_publisher":"https:\/\/www.facebook.com\/profile.php?id=100050537467192","article_published_time":"2015-07-28T17:12:50+00:00","author":"josuar_umbrella","twitter_card":"summary_large_image","twitter_creator":"@c4trio","twitter_site":"@c4trio","twitter_misc":{"Written by":"josuar_umbrella","Est. reading time":"3 minutes"},"schema":{"@context":"https:\/\/schema.org","@graph":[{"@type":"Article","@id":"https:\/\/www.c4trio.com\/ilan-chester-celebra-30-anos-de-musica-con-concierto-en-miami%e2%80%8f-invitados-especiales-c4-trio\/#article","isPartOf":{"@id":"https:\/\/www.c4trio.com\/ilan-chester-celebra-30-anos-de-musica-con-concierto-en-miami%e2%80%8f-invitados-especiales-c4-trio\/"},"author":{"name":"josuar_umbrella","@id":"https:\/\/www.c4trio.com\/#\/schema\/person\/34827e0df8bd01ccb69a0da8c48487ed"},"headline":"Ilan Chester celebra 30 a\u00f1os de m\u00fasica con concierto en Miami\u200f, invitados especiales C4 Tr\u00edo.","datePublished":"2015-07-28T17:12:50+00:00","mainEntityOfPage":{"@id":"https:\/\/www.c4trio.com\/ilan-chester-celebra-30-anos-de-musica-con-concierto-en-miami%e2%80%8f-invitados-especiales-c4-trio\/"},"wordCount":597,"commentCount":0,"publisher":{"@id":"https:\/\/www.c4trio.com\/#organization"},"image":{"@id":"https:\/\/www.c4trio.com\/ilan-chester-celebra-30-anos-de-musica-con-concierto-en-miami%e2%80%8f-invitados-especiales-c4-trio\/#primaryimage"},"thumbnailUrl":"","articleSection":["Noticias"],"inLanguage":"en-US","potentialAction":[{"@type":"CommentAction","name":"Comment","target":["https:\/\/www.c4trio.com\/ilan-chester-celebra-30-anos-de-musica-con-concierto-en-miami%e2%80%8f-invitados-especiales-c4-trio\/#respond"]}]},{"@type":"WebPage","@id":"https:\/\/www.c4trio.com\/ilan-chester-celebra-30-anos-de-musica-con-concierto-en-miami%e2%80%8f-invitados-especiales-c4-trio\/","url":"https:\/\/www.c4trio.com\/ilan-chester-celebra-30-anos-de-musica-con-concierto-en-miami%e2%80%8f-invitados-especiales-c4-trio\/","name":"Ilan Chester celebra 30 a\u00f1os de m\u00fasica con concierto en Miami\u200f, invitados especiales C4 Tr\u00edo. - C4 Tr\u00edo","isPartOf":{"@id":"https:\/\/www.c4trio.com\/#website"},"primaryImageOfPage":{"@id":"https:\/\/www.c4trio.com\/ilan-chester-celebra-30-anos-de-musica-con-concierto-en-miami%e2%80%8f-invitados-especiales-c4-trio\/#primaryimage"},"image":{"@id":"https:\/\/www.c4trio.com\/ilan-chester-celebra-30-anos-de-musica-con-concierto-en-miami%e2%80%8f-invitados-especiales-c4-trio\/#primaryimage"},"thumbnailUrl":"","datePublished":"2015-07-28T17:12:50+00:00","breadcrumb":{"@id":"https:\/\/www.c4trio.com\/ilan-chester-celebra-30-anos-de-musica-con-concierto-en-miami%e2%80%8f-invitados-especiales-c4-trio\/#breadcrumb"},"inLanguage":"en-US","potentialAction":[{"@type":"ReadAction","target":["https:\/\/www.c4trio.com\/ilan-chester-celebra-30-anos-de-musica-con-concierto-en-miami%e2%80%8f-invitados-especiales-c4-trio\/"]}]},{"@type":"ImageObject","inLanguage":"en-US","@id":"https:\/\/www.c4trio.com\/ilan-chester-celebra-30-anos-de-musica-con-concierto-en-miami%e2%80%8f-invitados-especiales-c4-trio\/#primaryimage","url":"","contentUrl":""},{"@type":"BreadcrumbList","@id":"https:\/\/www.c4trio.com\/ilan-chester-celebra-30-anos-de-musica-con-concierto-en-miami%e2%80%8f-invitados-especiales-c4-trio\/#breadcrumb","itemListElement":[{"@type":"ListItem","position":1,"name":"Portada","item":"https:\/\/www.c4trio.com\/"},{"@type":"ListItem","position":2,"name":"Ilan Chester celebra 30 a\u00f1os de m\u00fasica con concierto en Miami\u200f, invitados especiales C4 Tr\u00edo."}]},{"@type":"WebSite","@id":"https:\/\/www.c4trio.com\/#website","url":"https:\/\/www.c4trio.com\/","name":"C4 Trio","description":"P\u00e1gina Oficial","publisher":{"@id":"https:\/\/www.c4trio.com\/#organization"},"potentialAction":[{"@type":"SearchAction","target":{"@type":"EntryPoint","urlTemplate":"https:\/\/www.c4trio.com\/?s={search_term_string}"},"query-input":{"@type":"PropertyValueSpecification","valueRequired":true,"valueName":"search_term_string"}}],"inLanguage":"en-US"},{"@type":"Organization","@id":"https:\/\/www.c4trio.com\/#organization","name":"C4 Trio","url":"https:\/\/www.c4trio.com\/","logo":{"@type":"ImageObject","inLanguage":"en-US","@id":"https:\/\/www.c4trio.com\/#\/schema\/logo\/image\/","url":"https:\/\/www.c4trio.com\/wp-content\/uploads\/2016\/09\/logo.png","contentUrl":"https:\/\/www.c4trio.com\/wp-content\/uploads\/2016\/09\/logo.png","width":365,"height":80,"caption":"C4 Tr\u00edo"},"image":{"@id":"https:\/\/www.c4trio.com\/#\/schema\/logo\/image\/"},"sameAs":["https:\/\/www.facebook.com\/profile.php?id=100050537467192","https:\/\/x.com\/c4trio","https:\/\/www.instagram.com\/c4trio"]},{"@type":"Person","@id":"https:\/\/www.c4trio.com\/#\/schema\/person\/34827e0df8bd01ccb69a0da8c48487ed","name":"josuar_umbrella","image":{"@type":"ImageObject","inLanguage":"en-US","@id":"https:\/\/www.c4trio.com\/#\/schema\/person\/image\/","url":"https:\/\/secure.gravatar.com\/avatar\/d5546336be5d9d70d3a439237c09c9921c6569aad089976128d970ff59c770fe?s=96&d=mm&r=g","contentUrl":"https:\/\/secure.gravatar.com\/avatar\/d5546336be5d9d70d3a439237c09c9921c6569aad089976128d970ff59c770fe?s=96&d=mm&r=g","caption":"josuar_umbrella"},"sameAs":["https:\/\/josuarochoa.com\/c4trio"],"url":"https:\/\/www.c4trio.com\/en\/author\/josuar_umbrella\/"}]}},"_links":{"self":[{"href":"https:\/\/www.c4trio.com\/en\/wp-json\/wp\/v2\/posts\/1196","targetHints":{"allow":["GET"]}}],"collection":[{"href":"https:\/\/www.c4trio.com\/en\/wp-json\/wp\/v2\/posts"}],"about":[{"href":"https:\/\/www.c4trio.com\/en\/wp-json\/wp\/v2\/types\/post"}],"author":[{"embeddable":true,"href":"https:\/\/www.c4trio.com\/en\/wp-json\/wp\/v2\/users\/1"}],"replies":[{"embeddable":true,"href":"https:\/\/www.c4trio.com\/en\/wp-json\/wp\/v2\/comments?post=1196"}],"version-history":[{"count":0,"href":"https:\/\/www.c4trio.com\/en\/wp-json\/wp\/v2\/posts\/1196\/revisions"}],"wp:featuredmedia":[{"embeddable":true,"href":"https:\/\/www.c4trio.com\/en\/wp-json\/"}],"wp:attachment":[{"href":"https:\/\/www.c4trio.com\/en\/wp-json\/wp\/v2\/media?parent=1196"}],"wp:term":[{"taxonomy":"category","embeddable":true,"href":"https:\/\/www.c4trio.com\/en\/wp-json\/wp\/v2\/categories?post=1196"},{"taxonomy":"post_tag","embeddable":true,"href":"https:\/\/www.c4trio.com\/en\/wp-json\/wp\/v2\/tags?post=1196"}],"curies":[{"name":"wp","href":"https:\/\/api.w.org\/{rel}","templated":true}]}}